{"Signatur": "SG_VSG_001", "Spider": "SG_Gerichte", "Datum": "2016-07-20", "PDF": {"Datei": "SG_Gerichte/SG_VSG_001_AVI-2015-6_2016-07-20.pdf", "URL": "https://publikationen.sg.ch/rechtsprechung-gerichte?tx_diamjudicalsg_judicalpublicationpdf%5Bcontroller%5D=DownloadPdf&tx_diamjudicalsg_judicalpublicationpdf%5Bpublication%5D=2331&type=1563347022&cHash=220e4d947335608e68ebd95f3b2f373a", "Checksum": "d2bbf3c29f586ce4d82af21140918c34"}, "Scrapedate": "2025-07-19", "Num": ["AVI 2015/6"], "Kopfzeile": [{"Sprachen": ["de"], "Text": "St.Gallen Versicherungsgericht 20.07.2016 AVI 2015/6"}, {"Sprachen": ["fr"], "Text": "Saint-Gall Versicherungsgericht 20.07.2016 AVI 2015/6"}, {"Sprachen": ["it"], "Text": "San Gallo Versicherungsgericht 20.07.2016 AVI 2015/6"}], "Meta": [{"Sprachen": ["de"], "Text": "St.Gallen Versicherungsgericht "}, {"Sprachen": ["fr"], "Text": "Saint-Gall Versicherungsgericht "}, {"Sprachen": ["it"], "Text": "San Gallo Versicherungsgericht "}, {"Sprachen": ["de", "fr", "it"], "Text": "AVI - Arbeitslosenversicherung"}], "Abstract": [{"Sprachen": ["de", "fr", "it"], "Text": "Art. 23 Abs. 1 AVIG. Art. 37 Abs. 1 und 2 AVIV. Versicherter Verdienst. Ist die versicherte Person w\u00e4hrend des Bemessungszeitraums arbeitsunf\u00e4hig, ist f\u00fcr die Bemessung des versicherten Verdienstes nicht auf das Krankentaggeld abzustellen, sondern auf jenes Einkommen, das sie normalerweise erzielt h\u00e4tte (E. 2.2 mit Hinweis) (Entscheid des Versicherungsgerichts des Kantons St. Gallen vom 20. Juli 2016, AVI 2015/6).Entscheid vom 20. Juli 2016"}], "ScrapyJob": "446973/61/1836", "Zeit UTC": "19.07.2025 06:04:40", "Checksum": "4fa2380194527fcb118f729c1e849538"}