{"Signatur": "SG_VSG_001", "Spider": "SG_Gerichte", "Datum": "2021-04-28", "PDF": {"Datei": "SG_Gerichte/SG_VSG_001_AVI-2020-25_2021-04-28.pdf", "URL": "https://publikationen.sg.ch/rechtsprechung-gerichte?tx_diamjudicalsg_judicalpublicationpdf%5Bcontroller%5D=DownloadPdf&tx_diamjudicalsg_judicalpublicationpdf%5Bpublication%5D=10449&type=1563347022&cHash=7361da537a6c34d6a1c0f3ca9060e3af", "Checksum": "0f47fcf5a9b1fe67279a78f9fc345364"}, "Scrapedate": "2025-07-19", "Num": ["AVI 2020/25"], "Kopfzeile": [{"Sprachen": ["de"], "Text": "St.Gallen Versicherungsgericht 28.04.2021 AVI 2020/25"}, {"Sprachen": ["fr"], "Text": "Saint-Gall Versicherungsgericht 28.04.2021 AVI 2020/25"}, {"Sprachen": ["it"], "Text": "San Gallo Versicherungsgericht 28.04.2021 AVI 2020/25"}], "Meta": [{"Sprachen": ["de"], "Text": "St.Gallen Versicherungsgericht "}, {"Sprachen": ["fr"], "Text": "Saint-Gall Versicherungsgericht "}, {"Sprachen": ["it"], "Text": "San Gallo Versicherungsgericht "}, {"Sprachen": ["de", "fr", "it"], "Text": "AVI - Arbeitslosenversicherung"}], "Abstract": [{"Sprachen": ["de", "fr", "it"], "Text": "Art. 31 ff. AVIG; Art. 58 AVIV; Art. 2, 8b und 9 COVID-19-Verordnung Arbeitslosenversicherung\r\nMit Art. 8b Abs. 1 der \u00c4nderung vom 25. M\u00e4rz 2020 der COVID-19-Verordnung Arbeitslosenversicherung (AS 2020 1075) wurde die Voranmeldefrist f\u00fcr den Antrag auf Kurzarbeitsentsch\u00e4digung aufgehoben. Die in der Seco-Weisung \"Sonderregelung aufgrund der Pandemie 2020/10\" vom 22. Juli 2020 vorgesehene M\u00f6glichkeit einer r\u00fcckwirkenden (Vor)Anmeldung bis 31. M\u00e4rz 2020 ist sachgerecht und gew\u00e4hrleistet eine schweizweit rechtsgleiche Behandlung (Entscheid des Versicherungsgerichts des Kantons St. Gallen vom 28. April 2021, AVI 2020/25)."}], "ScrapyJob": "446973/61/1836", "Zeit UTC": "19.07.2025 00:52:38", "Checksum": "38d9eb156aa0c2a87a9e8a6554bd5086"}