{"Signatur": "SG_VSG_001", "Spider": "SG_Gerichte", "Datum": "2008-12-03", "PDF": {"Datei": "SG_Gerichte/SG_VSG_001_BV-2007-22_2008-12-03.pdf", "URL": "https://publikationen.sg.ch/rechtsprechung-gerichte?tx_diamjudicalsg_judicalpublicationpdf%5Bcontroller%5D=DownloadPdf&tx_diamjudicalsg_judicalpublicationpdf%5Bpublication%5D=6521&type=1563347022&cHash=3c2cdaed3ef497a1335c149c15c27de2", "Checksum": "207d13737f42008c48b05c9505f4f7a7"}, "Scrapedate": "2025-07-19", "Num": ["BV 2007/22"], "Kopfzeile": [{"Sprachen": ["de"], "Text": "St.Gallen Versicherungsgericht 03.12.2008 BV 2007/22"}, {"Sprachen": ["fr"], "Text": "Saint-Gall Versicherungsgericht 03.12.2008 BV 2007/22"}, {"Sprachen": ["it"], "Text": "San Gallo Versicherungsgericht 03.12.2008 BV 2007/22"}], "Meta": [{"Sprachen": ["de"], "Text": "St.Gallen Versicherungsgericht "}, {"Sprachen": ["fr"], "Text": "Saint-Gall Versicherungsgericht "}, {"Sprachen": ["it"], "Text": "San Gallo Versicherungsgericht "}, {"Sprachen": ["de", "fr", "it"], "Text": "BV - berufliche Vorsorge"}], "Abstract": [{"Sprachen": ["de", "fr", "it"], "Text": "Art. 23 BVG. Art. 41 BVG. Anspruch auf reglementarische Invalidit\u00e4tsleistungen. Unterbrechnung des zeitlichen Zusammenhangs zwischen einer fr\u00fcheren Invalidit\u00e4t und einer im Rahmen des streitigen Vorsorgeverh\u00e4ltnisses aufgetretenen Arbeitsunf\u00e4higkeit. Pr\u00fcfung der Verj\u00e4hrung von Amtes wegen, auch wenn diese lediglich vom Kl\u00e4ger bejaht wird, von der Beklagten jedoch nicht angesprochen wird (Entscheid des Versicherungsgerichts des Kantons St. Gallen vom 3. Dezember 2008, BV 2007/22)."}], "ScrapyJob": "446973/61/1836", "Zeit UTC": "19.07.2025 13:13:33", "Checksum": "fbbc03a57dfc42f16740ba6162ab65e3"}