{"Signatur": "SG_VSG_001", "Spider": "SG_Gerichte", "Datum": "2007-09-11", "PDF": {"Datei": "SG_Gerichte/SG_VSG_001_BV-2007-2_2007-09-11.pdf", "URL": "https://publikationen.sg.ch/rechtsprechung-gerichte?tx_diamjudicalsg_judicalpublicationpdf%5Bcontroller%5D=DownloadPdf&tx_diamjudicalsg_judicalpublicationpdf%5Bpublication%5D=6507&type=1563347022&cHash=83ecc881c3d5d5105e34d63e6db39124", "Checksum": "57bc260260cd01961fa374874e20983b"}, "Scrapedate": "2025-07-19", "Num": ["BV 2007/2"], "Kopfzeile": [{"Sprachen": ["de"], "Text": "St.Gallen Versicherungsgericht 11.09.2007 BV 2007/2"}, {"Sprachen": ["fr"], "Text": "Saint-Gall Versicherungsgericht 11.09.2007 BV 2007/2"}, {"Sprachen": ["it"], "Text": "San Gallo Versicherungsgericht 11.09.2007 BV 2007/2"}], "Meta": [{"Sprachen": ["de"], "Text": "St.Gallen Versicherungsgericht "}, {"Sprachen": ["fr"], "Text": "Saint-Gall Versicherungsgericht "}, {"Sprachen": ["it"], "Text": "San Gallo Versicherungsgericht "}, {"Sprachen": ["de", "fr", "it"], "Text": "BV - berufliche Vorsorge"}], "Abstract": [{"Sprachen": ["de", "fr", "it"], "Text": "Art. 23 lit. A BVG. Leistungsanspruch auf eine Invalidenrente. Verneinung des sachlichen und zeitlichen Zusammenhangs zwischen der eingetretenen Arbeitsunf\u00e4higkeit w\u00e4hrend des Vorsorgeverh\u00e4ltnisses und der rentenbegr\u00fcndenden Invalidit\u00e4t (Entscheid des Versicherungsgerichts des Kantons St. Gallen vom 11. September 2007, BV 2007/2).\r\n\r\nBest\u00e4tigt durch Urteil des Bundesgerichts 9C_756/2007."}], "ScrapyJob": "446973/61/1836", "Zeit UTC": "19.07.2025 14:15:45", "Checksum": "588543261695ef47aa7169ab6d399922"}