{"Signatur": "SG_VSG_001", "Spider": "SG_Gerichte", "Datum": "2010-03-02", "PDF": {"Datei": "SG_Gerichte/SG_VSG_001_BV-2008-11_2010-03-02.pdf", "URL": "https://publikationen.sg.ch/rechtsprechung-gerichte?tx_diamjudicalsg_judicalpublicationpdf%5Bcontroller%5D=DownloadPdf&tx_diamjudicalsg_judicalpublicationpdf%5Bpublication%5D=5116&type=1563347022&cHash=d4b06f6437a9643de164713673c35536", "Checksum": "63382db360ec961c432b37f7c1638bc3"}, "Scrapedate": "2025-07-19", "Num": ["BV 2008/11"], "Kopfzeile": [{"Sprachen": ["de"], "Text": "St.Gallen Versicherungsgericht 02.03.2010 BV 2008/11"}, {"Sprachen": ["fr"], "Text": "Saint-Gall Versicherungsgericht 02.03.2010 BV 2008/11"}, {"Sprachen": ["it"], "Text": "San Gallo Versicherungsgericht 02.03.2010 BV 2008/11"}], "Meta": [{"Sprachen": ["de"], "Text": "St.Gallen Versicherungsgericht "}, {"Sprachen": ["fr"], "Text": "Saint-Gall Versicherungsgericht "}, {"Sprachen": ["it"], "Text": "San Gallo Versicherungsgericht "}, {"Sprachen": ["de", "fr", "it"], "Text": "BV - berufliche Vorsorge"}], "Abstract": [{"Sprachen": ["de", "fr", "it"], "Text": "Art. 23 BVG. Abkl\u00e4rung der Leistungspflicht einer Vorsorgeeinrichtung. Pr\u00fcfung des Zeitpunkts des Eintritts der Arbeitsunf\u00e4higkeit, welche sp\u00e4ter zur IV-Rentenausrichtung f\u00fchrte, sowie des zeitlichen Zusammenhangs zwischen Arbeitsf\u00e4higkeit und sp\u00e4terer Invalidit\u00e4t (Entscheid des Versicherungsgerichts des Kantons St. Gallen vom 2. M\u00e4rz 2010, BV 2008/11)."}], "ScrapyJob": "446973/61/1836", "Zeit UTC": "19.07.2025 12:02:13", "Checksum": "9beac44bcb257ae8b6acfa37a908254e"}