{"Signatur": "SG_VSG_001", "Spider": "SG_Gerichte", "Datum": "2009-04-06", "PDF": {"Datei": "SG_Gerichte/SG_VSG_001_BV-2008-6_2009-04-06.pdf", "URL": "https://publikationen.sg.ch/rechtsprechung-gerichte?tx_diamjudicalsg_judicalpublicationpdf%5Bcontroller%5D=DownloadPdf&tx_diamjudicalsg_judicalpublicationpdf%5Bpublication%5D=6528&type=1563347022&cHash=c08dff34c782abe8f56647cd851ba5f6", "Checksum": "ee27786f3fc20f89e1bc5b9774a6682a"}, "Scrapedate": "2025-07-19", "Num": ["BV 2008/6"], "Kopfzeile": [{"Sprachen": ["de"], "Text": "St.Gallen Versicherungsgericht 06.04.2009 BV 2008/6"}, {"Sprachen": ["fr"], "Text": "Saint-Gall Versicherungsgericht 06.04.2009 BV 2008/6"}, {"Sprachen": ["it"], "Text": "San Gallo Versicherungsgericht 06.04.2009 BV 2008/6"}], "Meta": [{"Sprachen": ["de"], "Text": "St.Gallen Versicherungsgericht "}, {"Sprachen": ["fr"], "Text": "Saint-Gall Versicherungsgericht "}, {"Sprachen": ["it"], "Text": "San Gallo Versicherungsgericht "}, {"Sprachen": ["de", "fr", "it"], "Text": "BV - berufliche Vorsorge"}], "Abstract": [{"Sprachen": ["de", "fr", "it"], "Text": "Art. 23 BVG. Anspruch auf reglementarische Invalidit\u00e4tsleistungen. Pr\u00fcfung des zeitlichen und sachlichen Zusammenhangs zwischen einer im Rahmen des streitigen Vorsorgeverh\u00e4ltnisses aufgetretenen Arbeitsunf\u00e4higkeit und der sp\u00e4teren Invalidit\u00e4t (Entscheid des Versicherungsgerichts des Kantons St. Gallen vom 6. April 2009, BV 2008/6).\r\n\r\nAbge\u00e4ndert durch Urteil des Bundesgerichts 9C_469/2009."}], "ScrapyJob": "446973/61/1836", "Zeit UTC": "19.07.2025 12:56:26", "Checksum": "d9e4c55d4ef968d5582d3dc9398c4e69"}