{"Signatur": "SG_VSG_001", "Spider": "SG_Gerichte", "Datum": "2012-01-10", "PDF": {"Datei": "SG_Gerichte/SG_VSG_001_BV-2010-18_2012-01-10.pdf", "URL": "https://publikationen.sg.ch/rechtsprechung-gerichte?tx_diamjudicalsg_judicalpublicationpdf%5Bcontroller%5D=DownloadPdf&tx_diamjudicalsg_judicalpublicationpdf%5Bpublication%5D=313&type=1563347022&cHash=096b817c6fadedeaba9f07231e6d3bb7", "Checksum": "8a2164c1d5329e7cfcf80fe03ccb5855"}, "Scrapedate": "2025-07-19", "Num": ["BV 2010/18"], "Kopfzeile": [{"Sprachen": ["de"], "Text": "St.Gallen Versicherungsgericht 10.01.2012 BV 2010/18"}, {"Sprachen": ["fr"], "Text": "Saint-Gall Versicherungsgericht 10.01.2012 BV 2010/18"}, {"Sprachen": ["it"], "Text": "San Gallo Versicherungsgericht 10.01.2012 BV 2010/18"}], "Meta": [{"Sprachen": ["de"], "Text": "St.Gallen Versicherungsgericht "}, {"Sprachen": ["fr"], "Text": "Saint-Gall Versicherungsgericht "}, {"Sprachen": ["it"], "Text": "San Gallo Versicherungsgericht "}, {"Sprachen": ["de", "fr", "it"], "Text": "BV - berufliche Vorsorge"}], "Abstract": [{"Sprachen": ["de", "fr", "it"], "Text": "Art. 23 BVG: Verneinung der sachlichen Konnexit\u00e4t zwischen dem Gesundheitsschaden, der w\u00e4hrend des Versicherungsverh\u00e4ltnisses mit der Vorsorgeeinrichtung eine relevante Arbeitsunf\u00e4higkeit bewirkt hat, und der zur Erh\u00f6hung des Invalidit\u00e4tsgrads f\u00fchrenden Verschlimmerung des Gesundheitsschadens verneint (Entscheid des Versicherungsgericht des Kantons St. Gallen vom 10. Januar 2012, BV 2010/18).Best\u00e4tigt durch Urteil des Bundesgerichts 9C_179/2012.Versicherungsrichterin Christiane Gallati Schneider (Vorsitz), Versicherungsrichter Joachim Huber, a.o. Versicherungsrichter Christian Zingg; Gerichtsschreiber Walter SchmidEntscheid vom 10. Januar 2012in SachenA.___,Kl\u00e4ger,vertreten durch Rechtsanwalt PD Dr. Dieter Kehl, Poststrasse\u00a022, Postfach 118, 9410\u00a0Heiden,gegenB.___,Beklagte,vertreten durch Rechtsanw\u00e4ltin Dr. iur. Isabelle Vetter-Schreiber, Seestrasse\u00a06, 8027\u00a0Z\u00fcrich,betreffendInvalidenrenteSachverhalt:"}], "ScrapyJob": "446973/61/1836", "Zeit UTC": "19.07.2025 10:00:32", "Checksum": "cd618e410a6f16efd9a3d3d9a80a12c9"}