{"Signatur": "SG_VSG_001", "Spider": "SG_Gerichte", "Datum": "2013-06-10", "PDF": {"Datei": "SG_Gerichte/SG_VSG_001_BV-2011-17_2013-06-10.pdf", "URL": "https://publikationen.sg.ch/rechtsprechung-gerichte?tx_diamjudicalsg_judicalpublicationpdf%5Bcontroller%5D=DownloadPdf&tx_diamjudicalsg_judicalpublicationpdf%5Bpublication%5D=450&type=1563347022&cHash=833bdb1052db1f8288388c561e270df1", "Checksum": "40b4cd4c85ecb452dba3d9d60e84fb6d"}, "Scrapedate": "2025-07-19", "Num": ["BV 2011/17"], "Kopfzeile": [{"Sprachen": ["de"], "Text": "St.Gallen Versicherungsgericht 10.06.2013 BV 2011/17"}, {"Sprachen": ["fr"], "Text": "Saint-Gall Versicherungsgericht 10.06.2013 BV 2011/17"}, {"Sprachen": ["it"], "Text": "San Gallo Versicherungsgericht 10.06.2013 BV 2011/17"}], "Meta": [{"Sprachen": ["de"], "Text": "St.Gallen Versicherungsgericht "}, {"Sprachen": ["fr"], "Text": "Saint-Gall Versicherungsgericht "}, {"Sprachen": ["it"], "Text": "San Gallo Versicherungsgericht "}, {"Sprachen": ["de", "fr", "it"], "Text": "BV - berufliche Vorsorge"}], "Abstract": [{"Sprachen": ["de", "fr", "it"], "Text": "Art. 23 BVG. Anspruch auf Invalidenrente aus beruflicher Vorsorge. Frage des Eintritts bzw. der Erh\u00f6hung einer allenfalls vorbestehenden Arbeitsunf\u00e4higkeit im Fall eines Versicherten, bei dem seit der Kindheit bzw. seit Beginn der Erwerbst\u00e4tigkeit kognitive Einschr\u00e4nkungen mit Auswirkung auf die Leistungsf\u00e4higkeit zu Tage getreten waren (Entscheid des Versicherungsgerichts des Kantons St. Gallen vom 10. Juni 2013, BV 2011/17)."}], "ScrapyJob": "446973/61/1836", "Zeit UTC": "19.07.2025 08:40:00", "Checksum": "7137d6d42eff37c00055a699c6e2ee0c"}