{"Signatur": "SG_VSG_001", "Spider": "SG_Gerichte", "Datum": "2013-01-22", "PDF": {"Datei": "SG_Gerichte/SG_VSG_001_BV-2012-1_2013-01-22.pdf", "URL": "https://publikationen.sg.ch/rechtsprechung-gerichte?tx_diamjudicalsg_judicalpublicationpdf%5Bcontroller%5D=DownloadPdf&tx_diamjudicalsg_judicalpublicationpdf%5Bpublication%5D=448&type=1563347022&cHash=7206e3eadabbf68cc6db58b75a52da55", "Checksum": "9d57436b79c15a2cbc21d6590d845ffa"}, "Scrapedate": "2025-07-19", "Num": ["BV 2012/1"], "Kopfzeile": [{"Sprachen": ["de"], "Text": "St.Gallen Versicherungsgericht 22.01.2013 BV 2012/1"}, {"Sprachen": ["fr"], "Text": "Saint-Gall Versicherungsgericht 22.01.2013 BV 2012/1"}, {"Sprachen": ["it"], "Text": "San Gallo Versicherungsgericht 22.01.2013 BV 2012/1"}], "Meta": [{"Sprachen": ["de"], "Text": "St.Gallen Versicherungsgericht "}, {"Sprachen": ["fr"], "Text": "Saint-Gall Versicherungsgericht "}, {"Sprachen": ["it"], "Text": "San Gallo Versicherungsgericht "}, {"Sprachen": ["de", "fr", "it"], "Text": "BV - berufliche Vorsorge"}], "Abstract": [{"Sprachen": ["de", "fr", "it"], "Text": "Art. 23 lit. a BVG. Pr\u00fcfung der Frage, ob die Arbeitsunf\u00e4higkeit, welche sp\u00e4ter zur Zusprechung einer IV-Rente f\u00fchrte, w\u00e4hrend des Vorsorgeverh\u00e4ltnisses bei der Beklagten eintrat. Abkl\u00e4rung des sachlichen und zeitlichen Zusammenhangs zwischen Arbeitsunf\u00e4higkeit und sp\u00e4terer Invalidit\u00e4t (Entscheid des Versicherungsgerichts des Kantons St. Gallen vom 22. Januar 2013, BV 2012/1)."}], "ScrapyJob": "446973/61/1836", "Zeit UTC": "19.07.2025 09:03:54", "Checksum": "2be8fdac97346ca3f3196e36e5fdcc5a"}