{"Signatur": "SG_VSG_001", "Spider": "SG_Gerichte", "Datum": "2013-10-22", "PDF": {"Datei": "SG_Gerichte/SG_VSG_001_BV-2012-7_2013-10-22.pdf", "URL": "https://publikationen.sg.ch/rechtsprechung-gerichte?tx_diamjudicalsg_judicalpublicationpdf%5Bcontroller%5D=DownloadPdf&tx_diamjudicalsg_judicalpublicationpdf%5Bpublication%5D=456&type=1563347022&cHash=c58909f39f28c569b8b0ae399accf065", "Checksum": "7615975427a06e0a343129dd8acfe53e"}, "Scrapedate": "2025-07-19", "Num": ["BV 2012/7"], "Kopfzeile": [{"Sprachen": ["de"], "Text": "St.Gallen Versicherungsgericht 22.10.2013 BV 2012/7"}, {"Sprachen": ["fr"], "Text": "Saint-Gall Versicherungsgericht 22.10.2013 BV 2012/7"}, {"Sprachen": ["it"], "Text": "San Gallo Versicherungsgericht 22.10.2013 BV 2012/7"}], "Meta": [{"Sprachen": ["de"], "Text": "St.Gallen Versicherungsgericht "}, {"Sprachen": ["fr"], "Text": "Saint-Gall Versicherungsgericht "}, {"Sprachen": ["it"], "Text": "San Gallo Versicherungsgericht "}, {"Sprachen": ["de", "fr", "it"], "Text": "BV - berufliche Vorsorge"}], "Abstract": [{"Sprachen": ["de", "fr", "it"], "Text": "Art.\u00a023 BVG. Pr\u00fcfung der Frage, ob die w\u00e4hrend dem Vorsorgeverh\u00e4ltnis zur Beklagten eingetretene Arbeitsunf\u00e4higkeit sp\u00e4ter zur Zusprache einer Invalidenrente der Invalidenversicherung f\u00fchrte. Bejahung des sachlichen und zeitlichen Zusammenhangs (Entscheid des Versicherungsgerichts des Kantons St. Gallen vom 22. Oktober 2013, BV 2012/7).\u00a0Aufgehoben durch Urteil des Bundesgerichts 9C_895/2013."}], "ScrapyJob": "446973/61/1836", "Zeit UTC": "19.07.2025 08:21:51", "Checksum": "d5a1b18ecf9b0d88e1d159c7af04b065"}