{"Signatur": "SG_VSG_001", "Spider": "SG_Gerichte", "Datum": "2017-02-28", "PDF": {"Datei": "SG_Gerichte/SG_VSG_001_BV-2014-12_2017-02-28.pdf", "URL": "https://publikationen.sg.ch/rechtsprechung-gerichte?tx_diamjudicalsg_judicalpublicationpdf%5Bcontroller%5D=DownloadPdf&tx_diamjudicalsg_judicalpublicationpdf%5Bpublication%5D=2587&type=1563347022&cHash=6a4886718648608d3d77573da6f0b1e8", "Checksum": "ea508db3d1a85b891c3f0cecfd324572"}, "Scrapedate": "2025-07-19", "Num": ["BV 2014/12"], "Kopfzeile": [{"Sprachen": ["de"], "Text": "St.Gallen Versicherungsgericht 28.02.2017 BV 2014/12"}, {"Sprachen": ["fr"], "Text": "Saint-Gall Versicherungsgericht 28.02.2017 BV 2014/12"}, {"Sprachen": ["it"], "Text": "San Gallo Versicherungsgericht 28.02.2017 BV 2014/12"}], "Meta": [{"Sprachen": ["de"], "Text": "St.Gallen Versicherungsgericht "}, {"Sprachen": ["fr"], "Text": "Saint-Gall Versicherungsgericht "}, {"Sprachen": ["it"], "Text": "San Gallo Versicherungsgericht "}, {"Sprachen": ["de", "fr", "it"], "Text": "BV - berufliche Vorsorge"}], "Abstract": [{"Sprachen": ["de", "fr", "it"], "Text": "Art. 23 lit. a BVG. Pr\u00fcfung der sachlichen und zeitlichen Konnexit\u00e4t des urspr\u00fcnglich auf einer somatischen Einschr\u00e4nkung beruhenden, psychischen Gesundheitsschadens zur sp\u00e4ter eingetretenen Invalidit\u00e4t des Kl\u00e4gers (Entscheid des Versicherungsgerichts des Kantons St. Gallen vom 28. Februar 2017, BV 2014/12)."}], "ScrapyJob": "446973/61/1836", "Zeit UTC": "19.07.2025 05:32:51", "Checksum": "792b266191f7a2c9438f80b8157dd357"}