{"Signatur": "SG_VSG_001", "Spider": "SG_Gerichte", "Datum": "2018-06-22", "PDF": {"Datei": "SG_Gerichte/SG_VSG_001_BV-2016-11_2018-06-22.pdf", "URL": "https://publikationen.sg.ch/rechtsprechung-gerichte?tx_diamjudicalsg_judicalpublicationpdf%5Bcontroller%5D=DownloadPdf&tx_diamjudicalsg_judicalpublicationpdf%5Bpublication%5D=2891&type=1563347022&cHash=9d213026a2ba0f33f93641cef4ef4738", "Checksum": "06166206f78a4642f908c49d70c23348"}, "Scrapedate": "2025-07-19", "Num": ["BV 2016/11"], "Kopfzeile": [{"Sprachen": ["de"], "Text": "St.Gallen Versicherungsgericht 22.06.2018 BV 2016/11"}, {"Sprachen": ["fr"], "Text": "Saint-Gall Versicherungsgericht 22.06.2018 BV 2016/11"}, {"Sprachen": ["it"], "Text": "San Gallo Versicherungsgericht 22.06.2018 BV 2016/11"}], "Meta": [{"Sprachen": ["de"], "Text": "St.Gallen Versicherungsgericht "}, {"Sprachen": ["fr"], "Text": "Saint-Gall Versicherungsgericht "}, {"Sprachen": ["it"], "Text": "San Gallo Versicherungsgericht "}, {"Sprachen": ["de", "fr", "it"], "Text": "BV - berufliche Vorsorge"}], "Abstract": [{"Sprachen": ["de", "fr", "it"], "Text": "Art. 23 BVG. Frage des Zeitpunktes des Eintritts der invalidisierenden Arbeitsunf\u00e4higkeit. Die Arbeitsunf\u00e4higkeit trat vor dem Vorsorgeverh\u00e4ltnis bei der Beklagten ein (Entscheid des Versicherungsgerichts des Kantons St. Gallen vom 22. Juni 2018, BV 2016/11)."}], "ScrapyJob": "446973/61/1836", "Zeit UTC": "19.07.2025 04:07:01", "Checksum": "db79554a4328f932cd5134f469beaf07"}