{"Signatur": "SG_VSG_001", "Spider": "SG_Gerichte", "Datum": "2019-02-12", "PDF": {"Datei": "SG_Gerichte/SG_VSG_001_BV-2016-12_2019-02-12.pdf", "URL": "https://publikationen.sg.ch/rechtsprechung-gerichte?tx_diamjudicalsg_judicalpublicationpdf%5Bcontroller%5D=DownloadPdf&tx_diamjudicalsg_judicalpublicationpdf%5Bpublication%5D=1032&type=1563347022&cHash=c20dceff3f5231513d2406381e5db11a", "Checksum": "8aaf6a0f745ad436c2623b90c29ee911"}, "Scrapedate": "2025-07-19", "Num": ["BV 2016/12"], "Kopfzeile": [{"Sprachen": ["de"], "Text": "St.Gallen Versicherungsgericht 12.02.2019 BV 2016/12"}, {"Sprachen": ["fr"], "Text": "Saint-Gall Versicherungsgericht 12.02.2019 BV 2016/12"}, {"Sprachen": ["it"], "Text": "San Gallo Versicherungsgericht 12.02.2019 BV 2016/12"}], "Meta": [{"Sprachen": ["de"], "Text": "St.Gallen Versicherungsgericht "}, {"Sprachen": ["fr"], "Text": "Saint-Gall Versicherungsgericht "}, {"Sprachen": ["it"], "Text": "San Gallo Versicherungsgericht "}, {"Sprachen": ["de", "fr", "it"], "Text": "BV - berufliche Vorsorge"}], "Abstract": [{"Sprachen": ["de", "fr", "it"], "Text": "Art. 10 und 23 BVG. Anspruch auf eine Invalidenrente. Bestimmung der leistungspflichtigen Vorsorgeeinrichtung. Eintritt der relevanten Arbeitsunf\u00e4higkeit. Zeitlicher und sachlicher Zusammenhang zwischen der Arbeitsunf\u00e4higkeit und der sp\u00e4ter eingetretenen Erwerbsunf\u00e4higkeit (Entscheid des Versicherungsgerichts des Kantons St. Gallen vom 12. Februar 2019, BV 2016/12)."}], "ScrapyJob": "446973/61/1836", "Zeit UTC": "19.07.2025 03:16:10", "Checksum": "69af92e7793e78df869bf1976d5f7ee5"}