{"Signatur": "SG_VSG_001", "Spider": "SG_Gerichte", "Datum": "2018-02-19", "PDF": {"Datei": "SG_Gerichte/SG_VSG_001_BV-2016-16_2018-02-19.pdf", "URL": "https://publikationen.sg.ch/rechtsprechung-gerichte?tx_diamjudicalsg_judicalpublicationpdf%5Bcontroller%5D=DownloadPdf&tx_diamjudicalsg_judicalpublicationpdf%5Bpublication%5D=2887&type=1563347022&cHash=133680d9a41933b82b6a74a92bb9ca16", "Checksum": "05a4ef45b19332ff2664f79f93d5d416"}, "Scrapedate": "2025-07-19", "Num": ["BV 2016/16"], "Kopfzeile": [{"Sprachen": ["de"], "Text": "St.Gallen Versicherungsgericht 19.02.2018 BV 2016/16"}, {"Sprachen": ["fr"], "Text": "Saint-Gall Versicherungsgericht 19.02.2018 BV 2016/16"}, {"Sprachen": ["it"], "Text": "San Gallo Versicherungsgericht 19.02.2018 BV 2016/16"}], "Meta": [{"Sprachen": ["de"], "Text": "St.Gallen Versicherungsgericht "}, {"Sprachen": ["fr"], "Text": "Saint-Gall Versicherungsgericht "}, {"Sprachen": ["it"], "Text": "San Gallo Versicherungsgericht "}, {"Sprachen": ["de", "fr", "it"], "Text": "BV - berufliche Vorsorge"}], "Abstract": [{"Sprachen": ["de", "fr", "it"], "Text": "Art. 23 BVG. Art. 331c OR. Frage des Zeitpunkts des Eintritts der Arbeitsunf\u00e4higkeit, welche sp\u00e4ter zur Zusprache einer IV-Rente f\u00fchrte. Zeitlicher Zusammenhang zwischen der w\u00e4hrend des Vorsorgeverh\u00e4ltnisses bei der Beklagten 2 eingetretenen Arbeitsunf\u00e4higkeit und der sp\u00e4teren Invalidit\u00e4t verneint, da der Kl\u00e4ger \u00fcberwiegend wahrscheinlich w\u00e4hrend \u00fcber einem Jahr arbeitsf\u00e4hig und w\u00e4hrend 6 Monaten ohne Einschr\u00e4nkungen arbeitst\u00e4tig war. Leistungspflicht der Beklagten 1 bejaht, wobei der g\u00fcltige Gesundheitsvorbehalt zu ber\u00fccksichtigen ist. Teilweise Gutheissung der Klage gegen die Beklagte 1 (Entscheid des Versicherungsgerichts des Kantons St. Gallen vom 19. Februar 2018, BV 2016/16)."}], "ScrapyJob": "446973/61/1836", "Zeit UTC": "19.07.2025 04:29:22", "Checksum": "10d4b7e587a0926d7c976677a7e4970d"}