{"Signatur": "SG_VSG_001", "Spider": "SG_Gerichte", "Datum": "2017-12-14", "PDF": {"Datei": "SG_Gerichte/SG_VSG_001_BV-2016-2_2017-12-14.pdf", "URL": "https://publikationen.sg.ch/rechtsprechung-gerichte?tx_diamjudicalsg_judicalpublicationpdf%5Bcontroller%5D=DownloadPdf&tx_diamjudicalsg_judicalpublicationpdf%5Bpublication%5D=2595&type=1563347022&cHash=0500110d2152e8472e4ce6749fee4b46", "Checksum": "c8e5d042352fafb2b30d7c74962854a7"}, "Scrapedate": "2025-07-19", "Num": ["BV 2016/2"], "Kopfzeile": [{"Sprachen": ["de"], "Text": "St.Gallen Versicherungsgericht 14.12.2017 BV 2016/2"}, {"Sprachen": ["fr"], "Text": "Saint-Gall Versicherungsgericht 14.12.2017 BV 2016/2"}, {"Sprachen": ["it"], "Text": "San Gallo Versicherungsgericht 14.12.2017 BV 2016/2"}], "Meta": [{"Sprachen": ["de"], "Text": "St.Gallen Versicherungsgericht "}, {"Sprachen": ["fr"], "Text": "Saint-Gall Versicherungsgericht "}, {"Sprachen": ["it"], "Text": "San Gallo Versicherungsgericht "}, {"Sprachen": ["de", "fr", "it"], "Text": "BV - berufliche Vorsorge"}], "Abstract": [{"Sprachen": ["de", "fr", "it"], "Text": "Art. 23 BVG. Frage des Zeitpunkts des Eintritts der Arbeitsunf\u00e4higkeit. Zeitlicher Zusammenhang zwischen der w\u00e4hrend des Vorsorgeverh\u00e4ltnisses eingetretenen Arbeitsunf\u00e4higkeit und der sp\u00e4teren Invalidit\u00e4t verneint. Abweisung der Klage (Entscheid des Versicherungsgerichts des Kantons St. Gallen vom 14. Dezember 2017, BV 2016/2).Best\u00e4tigt durch Urteil des Bundesgerichts 9C_100/2018."}], "ScrapyJob": "446973/61/1836", "Zeit UTC": "19.07.2025 04:39:51", "Checksum": "0b1aea07e6b3edc8203bbf5bbcd14c08"}