{"Signatur": "SG_VSG_001", "Spider": "SG_Gerichte", "Datum": "2019-04-09", "PDF": {"Datei": "SG_Gerichte/SG_VSG_001_BV-2017-22_2019-04-09.pdf", "URL": "https://publikationen.sg.ch/rechtsprechung-gerichte?tx_diamjudicalsg_judicalpublicationpdf%5Bcontroller%5D=DownloadPdf&tx_diamjudicalsg_judicalpublicationpdf%5Bpublication%5D=1033&type=1563347022&cHash=7e5da1e80e12b22e9ca5269a0b4f50bb", "Checksum": "d90bc2eaf91d548c53912b183338d6b3"}, "Scrapedate": "2025-07-19", "Num": ["BV 2017/22"], "Kopfzeile": [{"Sprachen": ["de"], "Text": "St.Gallen Versicherungsgericht 09.04.2019 BV 2017/22"}, {"Sprachen": ["fr"], "Text": "Saint-Gall Versicherungsgericht 09.04.2019 BV 2017/22"}, {"Sprachen": ["it"], "Text": "San Gallo Versicherungsgericht 09.04.2019 BV 2017/22"}], "Meta": [{"Sprachen": ["de"], "Text": "St.Gallen Versicherungsgericht "}, {"Sprachen": ["fr"], "Text": "Saint-Gall Versicherungsgericht "}, {"Sprachen": ["it"], "Text": "San Gallo Versicherungsgericht "}, {"Sprachen": ["de", "fr", "it"], "Text": "BV - berufliche Vorsorge"}], "Abstract": [{"Sprachen": ["de", "fr", "it"], "Text": "Art. 23 BVG. Fehlender zeitlicher Zusammenhang zwischen der w\u00e4hrend des Arbeitsverh\u00e4ltnisses eingetretenen Arbeitsunf\u00e4higkeit und der sp\u00e4teren Erwerbsunf\u00e4higkeit (Entscheid des Versicherungsgerichts des Kantons St. Gallen vom 9. April 2019, BV 2017/22)."}], "ScrapyJob": "446973/61/1836", "Zeit UTC": "19.07.2025 03:06:06", "Checksum": "952268a886045d14e49178523068e57a"}