{"Signatur": "SG_VSG_001", "Spider": "SG_Gerichte", "Datum": "2020-03-20", "PDF": {"Datei": "SG_Gerichte/SG_VSG_001_BV-2017-23_2020-03-20.pdf", "URL": "https://publikationen.sg.ch/rechtsprechung-gerichte?tx_diamjudicalsg_judicalpublicationpdf%5Bcontroller%5D=DownloadPdf&tx_diamjudicalsg_judicalpublicationpdf%5Bpublication%5D=9565&type=1563347022&cHash=7555526f72f6ae504817694e2a2dcf04", "Checksum": "f03d7033c78331afaee665df6ca541b2"}, "Scrapedate": "2025-07-19", "Num": ["BV 2017/23"], "Kopfzeile": [{"Sprachen": ["de"], "Text": "St.Gallen Versicherungsgericht 20.03.2020 BV 2017/23"}, {"Sprachen": ["fr"], "Text": "Saint-Gall Versicherungsgericht 20.03.2020 BV 2017/23"}, {"Sprachen": ["it"], "Text": "San Gallo Versicherungsgericht 20.03.2020 BV 2017/23"}], "Meta": [{"Sprachen": ["de"], "Text": "St.Gallen Versicherungsgericht "}, {"Sprachen": ["fr"], "Text": "Saint-Gall Versicherungsgericht "}, {"Sprachen": ["it"], "Text": "San Gallo Versicherungsgericht "}, {"Sprachen": ["de", "fr", "it"], "Text": "BV - berufliche Vorsorge"}], "Abstract": [{"Sprachen": ["de", "fr", "it"], "Text": "Art. 23 BVG. Art. 26 Abs. 4 BVG. Frage des Zeitpunkts des Eintritts der Arbeitsunf\u00e4higkeit, welche sp\u00e4ter zur Zusprache einer IV-Rente f\u00fchrte. Zeitlicher Zusammenhang zwischen der w\u00e4hrend des Vorsorgeverh\u00e4ltnisses bei der Beklagten eingetretenen Arbeitsunf\u00e4higkeit und der sp\u00e4teren Invalidit\u00e4t verneint, da die Beigeladene \u00fcberwiegend wahrscheinlich w\u00e4hrend \u00fcber einem Jahr arbeitsf\u00e4hig war. Leistungspflicht der Beklagten und R\u00fcckforderungsanspruch der Kl\u00e4gerin gegen\u00fcber dieser verneint. Abweisung der Klage (Entscheid des Versicherungsgerichts des Kantons St. Gallen vom 20. M\u00e4rz 2020, BV 2017/23)."}], "ScrapyJob": "446973/61/1836", "Zeit UTC": "19.07.2025 02:04:43", "Checksum": "de66227b3c65326560572de82284fe58"}