{"Signatur": "SG_VSG_001", "Spider": "SG_Gerichte", "Datum": "2019-05-27", "PDF": {"Datei": "SG_Gerichte/SG_VSG_001_BV-2017-7_2019-05-27.pdf", "URL": "https://publikationen.sg.ch/rechtsprechung-gerichte?tx_diamjudicalsg_judicalpublicationpdf%5Bcontroller%5D=DownloadPdf&tx_diamjudicalsg_judicalpublicationpdf%5Bpublication%5D=6122&type=1563347022&cHash=d65e9805bc9dc9d4c85724b243c3aef0", "Checksum": "4a97e1481ffaf3b8d0e298abf35589c5"}, "Scrapedate": "2025-07-19", "Num": ["BV 2017/7"], "Kopfzeile": [{"Sprachen": ["de"], "Text": "St.Gallen Versicherungsgericht 27.05.2019 BV 2017/7"}, {"Sprachen": ["fr"], "Text": "Saint-Gall Versicherungsgericht 27.05.2019 BV 2017/7"}, {"Sprachen": ["it"], "Text": "San Gallo Versicherungsgericht 27.05.2019 BV 2017/7"}], "Meta": [{"Sprachen": ["de"], "Text": "St.Gallen Versicherungsgericht "}, {"Sprachen": ["fr"], "Text": "Saint-Gall Versicherungsgericht "}, {"Sprachen": ["it"], "Text": "San Gallo Versicherungsgericht "}, {"Sprachen": ["de", "fr", "it"], "Text": "BV - berufliche Vorsorge"}], "Abstract": [{"Sprachen": ["de", "fr", "it"], "Text": "Zusprache einer Invalidenrente aus der beruflichen Vorsorge basierend auf dem von der IV-Stelle ermittelten IV-Grad von 46%, da der zeitliche und sachliche Zusammenhang zwischen der w\u00e4hrend des Vorsorgeverh\u00e4ltnisses eingetretenen Arbeitsunf\u00e4higkeit und der sich erst sp\u00e4ter eingetretenen Invalidit\u00e4t vorliegt und die Vorsorgeeinrichtung in die invalidenrechtlichen Verfahren stets einbezogen war. Beschr\u00e4nkung der Rentenleistungen auf BVG-Mindestleistungen wegen Verletzung der Anzeigepflicht (nicht wahrheitsgem\u00e4ss ausgef\u00fcllter Gesundheitsfragebogen) (Entscheid des Versicherungsgerichts des Kantons St. Gallen vom 27. Mai 2019, BV 2017/7)."}], "ScrapyJob": "446973/61/1836", "Zeit UTC": "19.07.2025 02:59:36", "Checksum": "11af8aba9bb4fd3facf84e0024820cc0"}