{"Signatur": "SG_VSG_001", "Spider": "SG_Gerichte", "Datum": "2022-06-15", "PDF": {"Datei": "SG_Gerichte/SG_VSG_001_BV-2021-11_2022-06-15.pdf", "URL": "https://publikationen.sg.ch/rechtsprechung-gerichte?tx_diamjudicalsg_judicalpublicationpdf%5Bcontroller%5D=DownloadPdf&tx_diamjudicalsg_judicalpublicationpdf%5Bpublication%5D=11196&type=1563347022&cHash=e535edfbcf63e21143244e341f0c5400", "Checksum": "b991694b781e6314ad73f5d925f4a26c"}, "Scrapedate": "2025-07-18", "Num": ["BV 2021/11"], "Kopfzeile": [{"Sprachen": ["de"], "Text": "St.Gallen Versicherungsgericht 15.06.2022 BV 2021/11"}, {"Sprachen": ["fr"], "Text": "Saint-Gall Versicherungsgericht 15.06.2022 BV 2021/11"}, {"Sprachen": ["it"], "Text": "San Gallo Versicherungsgericht 15.06.2022 BV 2021/11"}], "Meta": [{"Sprachen": ["de"], "Text": "St.Gallen Versicherungsgericht "}, {"Sprachen": ["fr"], "Text": "Saint-Gall Versicherungsgericht "}, {"Sprachen": ["it"], "Text": "San Gallo Versicherungsgericht "}, {"Sprachen": ["de", "fr", "it"], "Text": "BV - berufliche Vorsorge"}], "Abstract": [{"Sprachen": ["de", "fr", "it"], "Text": "Art. 10 und 23 BVG. Die psychisch bedingte vollst\u00e4ndige Arbeitsunf\u00e4higkeit ist nicht in einem Zeitraum eingetreten, in dem der Kl\u00e4ger bei der Beklagten versichert war (fehlender sachlicher Konnex) (Entscheid des Versicherungsgerichts des Kantons St. Gallen vom 15. Juni 2022, BV 2021/11)."}], "ScrapyJob": "446973/61/1836", "Zeit UTC": "18.07.2025 23:40:27", "Checksum": "1878b26476e2e6d117b06dd2fd68197c"}