{"Signatur": "SG_VSG_001", "Spider": "SG_Gerichte", "Datum": "2022-02-16", "PDF": {"Datei": "SG_Gerichte/SG_VSG_001_BV-2021-2_2022-02-16.pdf", "URL": "https://publikationen.sg.ch/rechtsprechung-gerichte?tx_diamjudicalsg_judicalpublicationpdf%5Bcontroller%5D=DownloadPdf&tx_diamjudicalsg_judicalpublicationpdf%5Bpublication%5D=10991&type=1563347022&cHash=16f9bd926e4a4f7fb4d39473054543c5", "Checksum": "fbccb7ee8a2bc1ff5c82ad6497aed3dc"}, "Scrapedate": "2025-07-19", "Num": ["BV 2021/2"], "Kopfzeile": [{"Sprachen": ["de"], "Text": "St.Gallen Versicherungsgericht 16.02.2022 BV 2021/2"}, {"Sprachen": ["fr"], "Text": "Saint-Gall Versicherungsgericht 16.02.2022 BV 2021/2"}, {"Sprachen": ["it"], "Text": "San Gallo Versicherungsgericht 16.02.2022 BV 2021/2"}], "Meta": [{"Sprachen": ["de"], "Text": "St.Gallen Versicherungsgericht "}, {"Sprachen": ["fr"], "Text": "Saint-Gall Versicherungsgericht "}, {"Sprachen": ["it"], "Text": "San Gallo Versicherungsgericht "}, {"Sprachen": ["de", "fr", "it"], "Text": "BV - berufliche Vorsorge"}], "Abstract": [{"Sprachen": ["de", "fr", "it"], "Text": "Art. 23 BVG. Die berufsvorsorgerechtlich relevante Arbeitsunf\u00e4higkeit von 20 % ist \u00fcberwiegend wahrscheinlich w\u00e4hrend des Vorsorgeverh\u00e4ltnisses bei der Beklagten 1 eingetreten. Zwischen dieser Arbeitsunf\u00e4higkeit und der eingetretenen Invalidit\u00e4t besteht ein enger sachlicher und zeitlicher Zusammenhang. Die Klage gegen die Beklagte 1 ist gutzuheissen, jene gegen die Beklagten 2 und 3 abzuweisen (Entscheid des Versicherungsgerichts des Kantons St. Gallen vom 16. Februar 2022, BV 2021/2)."}], "ScrapyJob": "446973/61/1836", "Zeit UTC": "19.07.2025 00:01:10", "Checksum": "31ec0fc3487265aed8d4371d1bca06f7"}