{"Signatur": "SG_VSG_001", "Spider": "SG_Gerichte", "Datum": "2022-08-17", "PDF": {"Datei": "SG_Gerichte/SG_VSG_001_BV-2021-9_2022-08-17.pdf", "URL": "https://publikationen.sg.ch/rechtsprechung-gerichte?tx_diamjudicalsg_judicalpublicationpdf%5Bcontroller%5D=DownloadPdf&tx_diamjudicalsg_judicalpublicationpdf%5Bpublication%5D=11318&type=1563347022&cHash=83782ea71c8e75b7164ea697afefd10d", "Checksum": "b19bba7c5f7551c4f57e862c7b70ab8d"}, "Scrapedate": "2025-07-18", "Num": ["BV 2021/9"], "Kopfzeile": [{"Sprachen": ["de"], "Text": "St.Gallen Versicherungsgericht 17.08.2022 BV 2021/9"}, {"Sprachen": ["fr"], "Text": "Saint-Gall Versicherungsgericht 17.08.2022 BV 2021/9"}, {"Sprachen": ["it"], "Text": "San Gallo Versicherungsgericht 17.08.2022 BV 2021/9"}], "Meta": [{"Sprachen": ["de"], "Text": "St.Gallen Versicherungsgericht "}, {"Sprachen": ["fr"], "Text": "Saint-Gall Versicherungsgericht "}, {"Sprachen": ["it"], "Text": "San Gallo Versicherungsgericht "}, {"Sprachen": ["de", "fr", "it"], "Text": "BV - berufliche Vorsorge"}], "Abstract": [{"Sprachen": ["de", "fr", "it"], "Text": "Art. 23 BVG: Die massgebliche Arbeitsunf\u00e4higkeit ist w\u00e4hrend des Vorsorgeverh\u00e4ltnisses mit der Beklagten eingetreten und der zeitliche sowie sachliche Zusammenhang wurden bis zum Eintritt der Invalidit\u00e4t nicht unterbrochen, weshalb die Beklagte leistungspflichtig ist. Gutheissung der Klage (Entscheid des Versicherungsgerichts des Kantons St. Gallen vom 17. August 2022, BV 2021/9)."}], "ScrapyJob": "446973/61/1836", "Zeit UTC": "18.07.2025 23:32:39", "Checksum": "d084a910fd15d9d60b2c4292b561070e"}