{"Signatur": "SG_VSG_001", "Spider": "SG_Gerichte", "Datum": "2023-07-03", "PDF": {"Datei": "SG_Gerichte/SG_VSG_001_BV-2022-10_2023-07-03.pdf", "URL": "https://publikationen.sg.ch/rechtsprechung-gerichte?tx_diamjudicalsg_judicalpublicationpdf%5Bcontroller%5D=DownloadPdf&tx_diamjudicalsg_judicalpublicationpdf%5Bpublication%5D=11895&type=1563347022&cHash=0d4e6d3bd17fd6f432e61942e59be228", "Checksum": "1ac0a163a0e51815efa96de92c21806d"}, "Scrapedate": "2025-07-18", "Num": ["BV 2022/10"], "Kopfzeile": [{"Sprachen": ["de"], "Text": "St.Gallen Versicherungsgericht 03.07.2023 BV 2022/10"}, {"Sprachen": ["fr"], "Text": "Saint-Gall Versicherungsgericht 03.07.2023 BV 2022/10"}, {"Sprachen": ["it"], "Text": "San Gallo Versicherungsgericht 03.07.2023 BV 2022/10"}], "Meta": [{"Sprachen": ["de"], "Text": "St.Gallen Versicherungsgericht "}, {"Sprachen": ["fr"], "Text": "Saint-Gall Versicherungsgericht "}, {"Sprachen": ["it"], "Text": "San Gallo Versicherungsgericht "}, {"Sprachen": ["de", "fr", "it"], "Text": "BV - berufliche Vorsorge"}], "Abstract": [{"Sprachen": ["de", "fr", "it"], "Text": "Art. 23 lit. a BVG. Zeitpunkt des Eintritts der invalidisierenden Arbeitsunf\u00e4higkeit. Bindungswirkung der Feststellungen der IV verneint. Verneinung des \u00fcberwiegend wahrscheinlichen Eintritts der invalidisierenden Arbeitsunf\u00e4higkeit w\u00e4hrend dem Vorsorgeverh\u00e4ltnis mit einer der Beklagten (Eintritt der invalidisierenden Arbeitsunf\u00e4higkeit zwischen den Vorsorgeverh\u00e4ltnissen mit der Beklagten 2 und 4). Klageabweisung (Entscheid des Versicherungsgerichts des Kantons St. Gallen vom 3. Juli 2023, BV 2022/10)."}], "ScrapyJob": "446973/61/1836", "Zeit UTC": "18.07.2025 22:55:40", "Checksum": "fbe9b0d0e9f979bc3ba8a8b853226c25"}