{"Signatur": "SG_VSG_001", "Spider": "SG_Gerichte", "Datum": "2024-07-09", "PDF": {"Datei": "SG_Gerichte/SG_VSG_001_BV-2023-16_2024-07-09.pdf", "URL": "https://publikationen.sg.ch/rechtsprechung-gerichte?tx_diamjudicalsg_judicalpublicationpdf%5Bcontroller%5D=DownloadPdf&tx_diamjudicalsg_judicalpublicationpdf%5Bpublication%5D=12827&type=1563347022&cHash=805bafe93b652c0d67a64a1f2bc0b6a1", "Checksum": "e12d74949853b3bcf6ada07966a729e5"}, "Scrapedate": "2026-04-26", "Num": ["BV 2023/16"], "Kopfzeile": [{"Sprachen": ["de"], "Text": "St.Gallen Versicherungsgericht 09.07.2024 BV 2023/16"}, {"Sprachen": ["fr"], "Text": "Saint-Gall Versicherungsgericht 09.07.2024 BV 2023/16"}, {"Sprachen": ["it"], "Text": "San Gallo Versicherungsgericht 09.07.2024 BV 2023/16"}], "Meta": [{"Sprachen": ["de"], "Text": "St.Gallen Versicherungsgericht "}, {"Sprachen": ["fr"], "Text": "Saint-Gall Versicherungsgericht "}, {"Sprachen": ["it"], "Text": "San Gallo Versicherungsgericht "}, {"Sprachen": ["de", "fr", "it"], "Text": "BV - berufliche Vorsorge"}], "Abstract": [{"Sprachen": ["de", "fr", "it"], "Text": "Art. 23 lit. a BVG; Die BVG-relevante Arbeitsunf\u00e4higkeit trat w\u00e4hrend der Versicherungszeit bei der Vorsorgeeinrichtung 2 (Beklagte 2) ein. Die Kl\u00e4gerin hat infolgedessen Anspruch auf eine Invalidenrente aus beruflicher Vorsorge von der Beklagten 2 (Entscheid des Versicherungsgerichts des Kantons St. Gallen vom 9. Juli 2024, BV 2023/16)."}], "ScrapyJob": "446973/61/2119", "Zeit UTC": "26.04.2026 04:28:24", "Checksum": "950fa1e97ef3813ac56dfa1d4606d6ca"}