{"Signatur": "SG_VSG_001", "Spider": "SG_Gerichte", "Datum": "2025-02-12", "PDF": {"Datei": "SG_Gerichte/SG_VSG_001_BV-2023-23_2025-02-12.pdf", "URL": "https://publikationen.sg.ch/rechtsprechung-gerichte?tx_diamjudicalsg_judicalpublicationpdf%5Bcontroller%5D=DownloadPdf&tx_diamjudicalsg_judicalpublicationpdf%5Bpublication%5D=13807&type=1563347022&cHash=f87364ce6ee60da8da3bf52de60f4ce4", "Checksum": "381f1a0a8196703a84cd5a7f33cd81f7"}, "Scrapedate": "2026-04-26", "Num": ["BV 2023/23"], "Kopfzeile": [{"Sprachen": ["de"], "Text": "St.Gallen Versicherungsgericht 12.02.2025 BV 2023/23"}, {"Sprachen": ["fr"], "Text": "Saint-Gall Versicherungsgericht 12.02.2025 BV 2023/23"}, {"Sprachen": ["it"], "Text": "San Gallo Versicherungsgericht 12.02.2025 BV 2023/23"}], "Meta": [{"Sprachen": ["de"], "Text": "St.Gallen Versicherungsgericht "}, {"Sprachen": ["fr"], "Text": "Saint-Gall Versicherungsgericht "}, {"Sprachen": ["it"], "Text": "San Gallo Versicherungsgericht "}, {"Sprachen": ["de", "fr", "it"], "Text": "BV - berufliche Vorsorge"}], "Abstract": [{"Sprachen": ["de", "fr", "it"], "Text": "Die Beklagte fiel im eingeklagten Zeitraum sowohl in den r\u00e4umlichen, den betrieblichen wie auch teils in den pers\u00f6nlichen Geltungsbereich des AVE GAV FAR und schuldete der Stiftung FAR dementsprechend die eingeklagten Beitr\u00e4ge f\u00fcr ihre Arbeitnehmenden (Entscheid des Versicherungsgerichts des Kantons St. Gallen vom 12. Februar 2025, BV 2023/23)."}], "ScrapyJob": "446973/61/2119", "Zeit UTC": "26.04.2026 03:55:31", "Checksum": "1930aedbfb41f52d78c6411b5afd4440"}