{"Signatur": "SG_VSG_001", "Spider": "SG_Gerichte", "Datum": "2023-10-24", "PDF": {"Datei": "SG_Gerichte/SG_VSG_001_BV-2023-9_2023-10-24.pdf", "URL": "https://publikationen.sg.ch/rechtsprechung-gerichte?tx_diamjudicalsg_judicalpublicationpdf%5Bcontroller%5D=DownloadPdf&tx_diamjudicalsg_judicalpublicationpdf%5Bpublication%5D=12144&type=1563347022&cHash=9168f2e6f84b1840f4b3322613ae5d9b", "Checksum": "80daa7ea3039a7e449d41ef9aa59a6a9"}, "Scrapedate": "2025-07-18", "Num": ["BV 2023/9"], "Kopfzeile": [{"Sprachen": ["de"], "Text": "St.Gallen Versicherungsgericht 24.10.2023 BV 2023/9"}, {"Sprachen": ["fr"], "Text": "Saint-Gall Versicherungsgericht 24.10.2023 BV 2023/9"}, {"Sprachen": ["it"], "Text": "San Gallo Versicherungsgericht 24.10.2023 BV 2023/9"}], "Meta": [{"Sprachen": ["de"], "Text": "St.Gallen Versicherungsgericht "}, {"Sprachen": ["fr"], "Text": "Saint-Gall Versicherungsgericht "}, {"Sprachen": ["it"], "Text": "San Gallo Versicherungsgericht "}, {"Sprachen": ["de", "fr", "it"], "Text": "BV - berufliche Vorsorge"}], "Abstract": [{"Sprachen": ["de", "fr", "it"], "Text": "Art. 23 BVG. Der Zeitpunkt des Eintritts der invalidisierenden Arbeitsunf\u00e4higkeit ist unbestritten. Da dem Kl\u00e4ger nur aufgrund der koordinationsrechtlichen Regelung von Art. 28 Abs. 2 AVIG zu diesem Zeitpunkt noch keine Arbeitslosenentsch\u00e4digung ausgerichtet wurde, ist nicht die effektive Auszahlung von Arbeitslosenentsch\u00e4digung massgebend, sondern die Erf\u00fcllung der Voraussetzungen von Art. 8 AVIG. Auch unter Ber\u00fccksichtigung der gesetzlichen Wartetage nach Art. 18 AVIG waren diese Voraussetzungen zum Zeitpunkt des Eintritts der zur Invalidit\u00e4t f\u00fchrenden Arbeitsunf\u00e4higkeit erf\u00fcllt. Gutheissung der Klage (Entscheid des Versicherungsgerichts des Kantons St. Gallen vom 24. Oktober 2023, BV 2023/9)."}], "ScrapyJob": "446973/61/1836", "Zeit UTC": "18.07.2025 22:43:44", "Checksum": "6e19ccadd8ce764573723d32c3e10ed8"}