{"Signatur": "SG_VSG_001", "Spider": "SG_Gerichte", "Datum": "2025-09-30", "PDF": {"Datei": "SG_Gerichte/SG_VSG_001_BV-2024-13_2025-09-30.pdf", "URL": "https://publikationen.sg.ch/rechtsprechung-gerichte?tx_diamjudicalsg_judicalpublicationpdf%5Bcontroller%5D=DownloadPdf&tx_diamjudicalsg_judicalpublicationpdf%5Bpublication%5D=14080&type=1563347022&cHash=e34e3efc728bd210ef21d6d2b6c3eb6a", "Checksum": "acbf2773e46218ea5b4664b59000e728"}, "Scrapedate": "2026-04-26", "Num": ["BV 2024/13"], "Kopfzeile": [{"Sprachen": ["de"], "Text": "St.Gallen Versicherungsgericht 30.09.2025 BV 2024/13"}, {"Sprachen": ["fr"], "Text": "Saint-Gall Versicherungsgericht 30.09.2025 BV 2024/13"}, {"Sprachen": ["it"], "Text": "San Gallo Versicherungsgericht 30.09.2025 BV 2024/13"}], "Meta": [{"Sprachen": ["de"], "Text": "St.Gallen Versicherungsgericht "}, {"Sprachen": ["fr"], "Text": "Saint-Gall Versicherungsgericht "}, {"Sprachen": ["it"], "Text": "San Gallo Versicherungsgericht "}, {"Sprachen": ["de", "fr", "it"], "Text": "BV - berufliche Vorsorge"}], "Abstract": [{"Sprachen": ["de", "fr", "it"], "Text": "Art. 23 BVG. Der zeitliche Konnex der w\u00e4hrend dem Arbeitsverh\u00e4ltnis mit der Beklagten 2 aufgetretenen Arbeitsunf\u00e4higkeit wurde unterbrochen. Die invalidisierende Arbeitsunf\u00e4higkeit ist w\u00e4hrend dem Vorsorgeverh\u00e4ltnis mit der Beklagten 1 eingetreten; sowohl der zeitliche als auch der sachliche Konnex sind zu bejahen; der Kl\u00e4ger hat Anspruch auf eine ganze Rente ab 1. Oktober 2018 zzgl. Verzugszins ab Klageanhebung, jedoch unter Ber\u00fccksichtigung der erfolgten Krankentaggeldzahlungen; der Kl\u00e4ger ist ab Rentenbezug von den Beitr\u00e4gen zu befreien; \u00dcberweisung zur Renten- und Zinsberechnung (Entscheid des Versicherungsgerichts des Kantons St. Gallen vom 30. September 2025, BV 2024/13)."}], "ScrapyJob": "446973/61/2119", "Zeit UTC": "26.04.2026 03:18:04", "Checksum": "3099bf56b28f61a3676724d9f5edc067"}