{"Signatur": "SG_VSG_001", "Spider": "SG_Gerichte", "Datum": "2025-04-24", "PDF": {"Datei": "SG_Gerichte/SG_VSG_001_BV-2024-1_2025-04-24.pdf", "URL": "https://publikationen.sg.ch/rechtsprechung-gerichte?tx_diamjudicalsg_judicalpublicationpdf%5Bcontroller%5D=DownloadPdf&tx_diamjudicalsg_judicalpublicationpdf%5Bpublication%5D=13691&type=1563347022&cHash=72f2d0d0e42718b6110cc8f2a76b4d71", "Checksum": "cf5192188297dd7c664d29c3243c5f6e"}, "Scrapedate": "2026-04-26", "Num": ["BV 2024/1"], "Kopfzeile": [{"Sprachen": ["de"], "Text": "St.Gallen Versicherungsgericht 24.04.2025 BV 2024/1"}, {"Sprachen": ["fr"], "Text": "Saint-Gall Versicherungsgericht 24.04.2025 BV 2024/1"}, {"Sprachen": ["it"], "Text": "San Gallo Versicherungsgericht 24.04.2025 BV 2024/1"}], "Meta": [{"Sprachen": ["de"], "Text": "St.Gallen Versicherungsgericht "}, {"Sprachen": ["fr"], "Text": "Saint-Gall Versicherungsgericht "}, {"Sprachen": ["it"], "Text": "San Gallo Versicherungsgericht "}, {"Sprachen": ["de", "fr", "it"], "Text": "BV - berufliche Vorsorge"}], "Abstract": [{"Sprachen": ["de", "fr", "it"], "Text": "Art. 23 BVG. Die invalidisierende Arbeitsunf\u00e4higkeit ist w\u00e4hrend dem Vorsorgeverh\u00e4ltnis mit der Beklagten 1 eingetreten; der sachliche Konnex ist zu bejahen und der zeitliche Konnex wurde weder durch sp\u00e4tere Arbeitst\u00e4tigkeiten noch durch Bezugszeiten von Arbeitslosenentsch\u00e4digung unterbrochen; \u00dcberweisung zur Renten- und Zinsberechnung (Entscheid des Versicherungsgerichts des Kantons St. Gallen vom 24. April 2025, BV 2024/1)."}], "ScrapyJob": "446973/61/2119", "Zeit UTC": "26.04.2026 03:42:01", "Checksum": "9bd879cc4ea442930343caae894f5e62"}