{"Signatur": "SG_VSG_001", "Spider": "SG_Gerichte", "Datum": "2023-09-19", "PDF": {"Datei": "SG_Gerichte/SG_VSG_001_EL-2023-8_2023-09-19.pdf", "URL": "https://publikationen.sg.ch/rechtsprechung-gerichte?tx_diamjudicalsg_judicalpublicationpdf%5Bcontroller%5D=DownloadPdf&tx_diamjudicalsg_judicalpublicationpdf%5Bpublication%5D=12046&type=1563347022&cHash=7808d8257c3756a9f5b68e0e1e0963c1", "Checksum": "3f6ce9450ccb420c6311ce2d345e10d5"}, "Scrapedate": "2025-07-18", "Num": ["EL 2023/8"], "Kopfzeile": [{"Sprachen": ["de"], "Text": "St.Gallen Versicherungsgericht 19.09.2023 EL 2023/8"}, {"Sprachen": ["fr"], "Text": "Saint-Gall Versicherungsgericht 19.09.2023 EL 2023/8"}, {"Sprachen": ["it"], "Text": "San Gallo Versicherungsgericht 19.09.2023 EL 2023/8"}], "Meta": [{"Sprachen": ["de"], "Text": "St.Gallen Versicherungsgericht "}, {"Sprachen": ["fr"], "Text": "Saint-Gall Versicherungsgericht "}, {"Sprachen": ["it"], "Text": "San Gallo Versicherungsgericht "}, {"Sprachen": ["de", "fr", "it"], "Text": "EL - Erg\u00e4nzungsleistungen"}], "Abstract": [{"Sprachen": ["de", "fr", "it"], "Text": "Art. 5 Abs. 1 ELG. Karenzfrist f\u00fcr Ausl\u00e4nderinnen und Ausl\u00e4nder. Anwendung des alten Rechts (EL-Reform). Die beiden mehrmonatigen Auslandaufenthalte in den Jahren 2017/2018 und 2020/2021 haben zu einer Unterbrechung der Karenzfrist gef\u00fchrt, da nicht hat nachgewiesen werden k\u00f6nnen, dass die Versicherte im fiktiven Gesundheitsfall ihren gew\u00f6hnlichen Aufenthaltsort nicht von der Schweiz nach Serbien verlegt h\u00e4tte. Den Nachteil der Beweislosigkeit hat die Versicherte zu tragen. Abweisung der Beschwerde (Entscheid des Versicherungsgerichts des Kantons St. Gallen vom 19. September 2023, EL 2023/8)."}], "ScrapyJob": "446973/61/1836", "Zeit UTC": "18.07.2025 22:46:41", "Checksum": "9f86731215654d400476a5e5ef4f1d7f"}