{"Signatur": "SG_VSG_001", "Spider": "SG_Gerichte", "Datum": "2007-12-07", "PDF": {"Datei": "SG_Gerichte/SG_VSG_001_IV-2006-176_2007-12-07.pdf", "URL": "https://publikationen.sg.ch/rechtsprechung-gerichte?tx_diamjudicalsg_judicalpublicationpdf%5Bcontroller%5D=DownloadPdf&tx_diamjudicalsg_judicalpublicationpdf%5Bpublication%5D=7837&type=1563347022&cHash=ef0590a0cd11c1e787ffea57f2544bfa", "Checksum": "89b592ae8fb7bf073d9f99478604f2fd"}, "Scrapedate": "2025-07-19", "Num": ["IV 2006/176"], "Kopfzeile": [{"Sprachen": ["de"], "Text": "St.Gallen Versicherungsgericht 07.12.2007 IV 2006/176"}, {"Sprachen": ["fr"], "Text": "Saint-Gall Versicherungsgericht 07.12.2007 IV 2006/176"}, {"Sprachen": ["it"], "Text": "San Gallo Versicherungsgericht 07.12.2007 IV 2006/176"}], "Meta": [{"Sprachen": ["de"], "Text": "St.Gallen Versicherungsgericht "}, {"Sprachen": ["fr"], "Text": "Saint-Gall Versicherungsgericht "}, {"Sprachen": ["it"], "Text": "San Gallo Versicherungsgericht "}, {"Sprachen": ["de", "fr", "it"], "Text": "IV - Invalidenversicherung"}], "Abstract": [{"Sprachen": ["de", "fr", "it"], "Text": "Soweit die \u00e4rztlich anerkannte Arbeitsunf\u00e4higkeit invalidit\u00e4tsfremde, beispielsweise psychosoziale oder soziokulturelle, Faktoren mitber\u00fccksichtigt, ist die \u00e4rztlich anerkannte Arbeitsunf\u00e4higkeit entsprechend zu reduzieren (Entscheid des Versicherungsgerichts des Kantons St. Gallen vom 7. Dezember 2007, IV 2006/176)."}], "ScrapyJob": "446973/61/1836", "Zeit UTC": "19.07.2025 14:02:22", "Checksum": "eb7695cad90a79d166fa8ce4bbea5496"}