{"Signatur": "SG_VSG_001", "Spider": "SG_Gerichte", "Datum": "2008-10-28", "PDF": {"Datei": "SG_Gerichte/SG_VSG_001_IV-2006-280_2008-10-28.pdf", "URL": "https://publikationen.sg.ch/rechtsprechung-gerichte?tx_diamjudicalsg_judicalpublicationpdf%5Bcontroller%5D=DownloadPdf&tx_diamjudicalsg_judicalpublicationpdf%5Bpublication%5D=7959&type=1563347022&cHash=b390bcde45bbe2ce7502e3a62830a63f", "Checksum": "92f1eb2595b685c584ceb0f2f1c68716"}, "Scrapedate": "2025-07-19", "Num": ["IV 2006/280"], "Kopfzeile": [{"Sprachen": ["de"], "Text": "St.Gallen Versicherungsgericht 28.10.2008 IV 2006/280"}, {"Sprachen": ["fr"], "Text": "Saint-Gall Versicherungsgericht 28.10.2008 IV 2006/280"}, {"Sprachen": ["it"], "Text": "San Gallo Versicherungsgericht 28.10.2008 IV 2006/280"}], "Meta": [{"Sprachen": ["de"], "Text": "St.Gallen Versicherungsgericht "}, {"Sprachen": ["fr"], "Text": "Saint-Gall Versicherungsgericht "}, {"Sprachen": ["it"], "Text": "San Gallo Versicherungsgericht "}, {"Sprachen": ["de", "fr", "it"], "Text": "IV - Invalidenversicherung"}], "Abstract": [{"Sprachen": ["de", "fr", "it"], "Text": "Festsetzung des Rentenbeginns bei einer fach\u00e4rztlich festgestellten Diagnose, bestehend aus einer Kombination von Pers\u00f6nlichkeitsentwicklungsst\u00f6rung mit emotional instabilen Anteilen seit Adoleszenz und rezidivierender depressiver St\u00f6rung im Zusammenhang mit dem Abbruch der erstmaligen beruflichen Ausbildung (Entscheid des Versicherungsgerichts des Kantons St. Gallen vom 28. Oktober 2008, IV 2006/280)."}], "ScrapyJob": "446973/61/1836", "Zeit UTC": "19.07.2025 13:18:54", "Checksum": "436333071cc49726f1cd755a943409fb"}