{"Signatur": "SG_VSG_001", "Spider": "SG_Gerichte", "Datum": "2008-07-17", "PDF": {"Datei": "SG_Gerichte/SG_VSG_001_IV-2007-115_2008-07-17.pdf", "URL": "https://publikationen.sg.ch/rechtsprechung-gerichte?tx_diamjudicalsg_judicalpublicationpdf%5Bcontroller%5D=DownloadPdf&tx_diamjudicalsg_judicalpublicationpdf%5Bpublication%5D=8686&type=1563347022&cHash=79188436d8a9e7c1b685ee8643a17ca1", "Checksum": "23691c2ee85b262d7d4f1ca8f81bb5e1"}, "Scrapedate": "2025-07-19", "Num": ["IV 2007/115"], "Kopfzeile": [{"Sprachen": ["de"], "Text": "St.Gallen Versicherungsgericht 17.07.2008 IV 2007/115"}, {"Sprachen": ["fr"], "Text": "Saint-Gall Versicherungsgericht 17.07.2008 IV 2007/115"}, {"Sprachen": ["it"], "Text": "San Gallo Versicherungsgericht 17.07.2008 IV 2007/115"}], "Meta": [{"Sprachen": ["de"], "Text": "St.Gallen Versicherungsgericht "}, {"Sprachen": ["fr"], "Text": "Saint-Gall Versicherungsgericht "}, {"Sprachen": ["it"], "Text": "San Gallo Versicherungsgericht "}, {"Sprachen": ["de", "fr", "it"], "Text": "IV - Invalidenversicherung"}], "Abstract": [{"Sprachen": ["de", "fr", "it"], "Text": "H\u00e4lt sich eine versicherte Person subjektiv f\u00fcr 100% arbeitsunf\u00e4hig und gibt an, nicht bereit zu sein, eine adaptierte T\u00e4tigkeit aufzunehmen oder an Eingliederungsmassnahmen teilzunehmen, hat die IV-Stelle die Arbeitsvermittlung zu Recht abgeschlossen.\r\nEine abweichende Einsch\u00e4tzung der Arbeitsf\u00e4higkeit einer versicherten Person durch die behandelnden \u00c4rzte, bei \u00fcbereinstimmender Diagnose, ist nicht geeignet, ein MEDAS-Gutachten in Zweifel zu ziehen (Entscheid des Versicherungsgerichts des Kantons St. Gallen vom 17. Juli 2008, IV 2007/115).\r\nBest\u00e4tigt durch Urteil des Bundesgerichts 8C_646/2008."}], "ScrapyJob": "446973/61/1836", "Zeit UTC": "19.07.2025 13:33:07", "Checksum": "0f04700281aa38574a220e329ee0ec92"}