{"Signatur": "SG_VSG_001", "Spider": "SG_Gerichte", "Datum": "2009-10-30", "PDF": {"Datei": "SG_Gerichte/SG_VSG_001_IV-2008-105_2009-10-30.pdf", "URL": "https://publikationen.sg.ch/rechtsprechung-gerichte?tx_diamjudicalsg_judicalpublicationpdf%5Bcontroller%5D=DownloadPdf&tx_diamjudicalsg_judicalpublicationpdf%5Bpublication%5D=8980&type=1563347022&cHash=d95acc80dd88e0b89f76ce4a4ae231af", "Checksum": "9f8096c57f6ace9dd6f9499dbc2bdd9f"}, "Scrapedate": "2025-07-19", "Num": ["IV 2008/105"], "Kopfzeile": [{"Sprachen": ["de"], "Text": "St.Gallen Versicherungsgericht 30.10.2009 IV 2008/105"}, {"Sprachen": ["fr"], "Text": "Saint-Gall Versicherungsgericht 30.10.2009 IV 2008/105"}, {"Sprachen": ["it"], "Text": "San Gallo Versicherungsgericht 30.10.2009 IV 2008/105"}], "Meta": [{"Sprachen": ["de"], "Text": "St.Gallen Versicherungsgericht "}, {"Sprachen": ["fr"], "Text": "Saint-Gall Versicherungsgericht "}, {"Sprachen": ["it"], "Text": "San Gallo Versicherungsgericht "}, {"Sprachen": ["de", "fr", "it"], "Text": "IV - Invalidenversicherung"}], "Abstract": [{"Sprachen": ["de", "fr", "it"], "Text": "Art. 26 IVV. Versicherte ohne Ausbildung. Der seit Geburt behinderte Beschwerdef\u00fchrer konnte infolge seiner Invalidit\u00e4t seine Ausbildung nicht erfolgreich abschliessen. Der Invalidit\u00e4tsgrad ist in einem solchen Fall nicht anhand von Abs. 2, sondern anhand von Abs. 1 von Art. 26 IVV zu ermitteln (Entscheid des Versicherungsgerichts des Kantons St. Gallen vom 30. Oktober 2009, IV 2008/105)."}], "ScrapyJob": "446973/61/1836", "Zeit UTC": "19.07.2025 12:22:51", "Checksum": "6b1a69da5ffdf48b17fd1d8b5d912d84"}