{"Signatur": "SG_VSG_001", "Spider": "SG_Gerichte", "Datum": "2013-09-23", "PDF": {"Datei": "SG_Gerichte/SG_VSG_001_IV-2011-393_2013-09-23.pdf", "URL": "https://publikationen.sg.ch/rechtsprechung-gerichte?tx_diamjudicalsg_judicalpublicationpdf%5Bcontroller%5D=DownloadPdf&tx_diamjudicalsg_judicalpublicationpdf%5Bpublication%5D=234&type=1563347022&cHash=7b663eb71a6376216b3fba6abb131ea8", "Checksum": "2f83cee8769b658d890ff876e85fedc9"}, "Scrapedate": "2025-07-19", "Num": ["IV 2011/393"], "Kopfzeile": [{"Sprachen": ["de"], "Text": "St.Gallen Versicherungsgericht 23.09.2013 IV 2011/393"}, {"Sprachen": ["fr"], "Text": "Saint-Gall Versicherungsgericht 23.09.2013 IV 2011/393"}, {"Sprachen": ["it"], "Text": "San Gallo Versicherungsgericht 23.09.2013 IV 2011/393"}], "Meta": [{"Sprachen": ["de"], "Text": "St.Gallen Versicherungsgericht "}, {"Sprachen": ["fr"], "Text": "Saint-Gall Versicherungsgericht "}, {"Sprachen": ["it"], "Text": "San Gallo Versicherungsgericht "}, {"Sprachen": ["de", "fr", "it"], "Text": "IV - Invalidenversicherung"}], "Abstract": [{"Sprachen": ["de", "fr", "it"], "Text": "Art. 28 Abs. 1 IVG. Invalidenrente eines Asylsuchenden mit sp\u00e4terer Anerkennung des Fl\u00fcchtlingsstatus. R\u00fcckweisung zu weiteren medizinischen Abkl\u00e4rungen. Unm\u00f6glichkeit der Feststellung, wann das Wartejahr abgelaufen bzw. der Versicherungsfall Invalidit\u00e4t eingetreten ist (Entscheid des Versicherungsgerichts des Kantons St. Gallen vom 23. September 2013, IV 2011/393).\u00a0Aufgehoben durch Urteil des Bundesgerichts 8C_775/2013."}], "ScrapyJob": "446973/61/1836", "Zeit UTC": "19.07.2025 08:25:52", "Checksum": "ae1d34f437bc9d163a82a0fc479bd0b1"}