{"Signatur": "SG_VSG_001", "Spider": "SG_Gerichte", "Datum": "2013-12-19", "PDF": {"Datei": "SG_Gerichte/SG_VSG_001_IV-2011-43_2013-12-19.pdf", "URL": "https://publikationen.sg.ch/rechtsprechung-gerichte?tx_diamjudicalsg_judicalpublicationpdf%5Bcontroller%5D=DownloadPdf&tx_diamjudicalsg_judicalpublicationpdf%5Bpublication%5D=4749&type=1563347022&cHash=43ab7eaf81c13d9a547c125ef5f27b32", "Checksum": "ddb1460e81c2f181a92915467fb459c6"}, "Scrapedate": "2025-07-19", "Num": ["IV 2011/43"], "Kopfzeile": [{"Sprachen": ["de"], "Text": "St.Gallen Versicherungsgericht 19.12.2013 IV 2011/43"}, {"Sprachen": ["fr"], "Text": "Saint-Gall Versicherungsgericht 19.12.2013 IV 2011/43"}, {"Sprachen": ["it"], "Text": "San Gallo Versicherungsgericht 19.12.2013 IV 2011/43"}], "Meta": [{"Sprachen": ["de"], "Text": "St.Gallen Versicherungsgericht "}, {"Sprachen": ["fr"], "Text": "Saint-Gall Versicherungsgericht "}, {"Sprachen": ["it"], "Text": "San Gallo Versicherungsgericht "}, {"Sprachen": ["de", "fr", "it"], "Text": "IV - Invalidenversicherung"}], "Abstract": [{"Sprachen": ["de", "fr", "it"], "Text": "Art. 28 IVG. Rentenbeginn. Wartejahr. Festlegung des Beginns der relevanten psychiatrisch bedingten Arbeitsunf\u00e4higkeit anhand s\u00e4mtlicher medizinischer Berichte. Erf\u00fcllung des Wartejahres aufgrund vorg\u00e4ngiger somatisch bedingter Beeintr\u00e4chtigungen der Arbeitsf\u00e4higkeit (Entscheid des Versicherungsgerichts des Kantons St. Gallen vom 19. Dezember 2013, IV 2011/43).\r\n\r\nAufgehoben durch Urteil des Bundesgerichts 9C_139/2014."}], "ScrapyJob": "446973/61/1836", "Zeit UTC": "19.07.2025 08:11:58", "Checksum": "2182abd370b762d466e4be505024df72"}