{"Signatur": "SG_VSG_001", "Spider": "SG_Gerichte", "Datum": "2015-06-19", "PDF": {"Datei": "SG_Gerichte/SG_VSG_001_IV-2013-196_2015-06-19.pdf", "URL": "https://publikationen.sg.ch/rechtsprechung-gerichte?tx_diamjudicalsg_judicalpublicationpdf%5Bcontroller%5D=DownloadPdf&tx_diamjudicalsg_judicalpublicationpdf%5Bpublication%5D=7772&type=1563347022&cHash=61e6be2e304bb5523348c21e7396595c", "Checksum": "56b4e5f1ab7a915ae897347ef42d94fd"}, "Scrapedate": "2025-07-19", "Num": ["IV 2013/196"], "Kopfzeile": [{"Sprachen": ["de"], "Text": "St.Gallen Versicherungsgericht 19.06.2015 IV 2013/196"}, {"Sprachen": ["fr"], "Text": "Saint-Gall Versicherungsgericht 19.06.2015 IV 2013/196"}, {"Sprachen": ["it"], "Text": "San Gallo Versicherungsgericht 19.06.2015 IV 2013/196"}], "Meta": [{"Sprachen": ["de"], "Text": "St.Gallen Versicherungsgericht "}, {"Sprachen": ["fr"], "Text": "Saint-Gall Versicherungsgericht "}, {"Sprachen": ["it"], "Text": "San Gallo Versicherungsgericht "}, {"Sprachen": ["de", "fr", "it"], "Text": "IV - Invalidenversicherung"}], "Abstract": [{"Sprachen": ["de", "fr", "it"], "Text": "Art. 28 IVG. Die Pers\u00f6nlichkeitsst\u00f6rung des Beschwerdef\u00fchrers beeintr\u00e4chtigt ihn nur qualitativ. Bei einer entsprechend angepassten T\u00e4tigkeit ist er zu 100% arbeitsf\u00e4hig. Kein rentenbegr\u00fcndender IV-Grad (Entscheid des Versicherungsgerichts des Kantons St. Gallen vom 19. Juni 2015, IV 2013/196).\r\nBest\u00e4tigt durch Urteil des Bundesgerichts  9C_599/2015."}], "ScrapyJob": "446973/61/1836", "Zeit UTC": "19.07.2025 06:59:11", "Checksum": "0b5bd7f26490a889f886788f4caaeaee"}