{"Signatur": "SG_VSG_001", "Spider": "SG_Gerichte", "Datum": "2015-08-17", "PDF": {"Datei": "SG_Gerichte/SG_VSG_001_IV-2013-226_2015-08-17.pdf", "URL": "https://publikationen.sg.ch/rechtsprechung-gerichte?tx_diamjudicalsg_judicalpublicationpdf%5Bcontroller%5D=DownloadPdf&tx_diamjudicalsg_judicalpublicationpdf%5Bpublication%5D=8030&type=1563347022&cHash=bacab3dd34d5cecd5f2e95970159a7fe", "Checksum": "943acfc8f58d957692b5dcbdac56212c"}, "Scrapedate": "2025-07-19", "Num": ["IV 2013/226"], "Kopfzeile": [{"Sprachen": ["de"], "Text": "St.Gallen Versicherungsgericht 17.08.2015 IV 2013/226"}, {"Sprachen": ["fr"], "Text": "Saint-Gall Versicherungsgericht 17.08.2015 IV 2013/226"}, {"Sprachen": ["it"], "Text": "San Gallo Versicherungsgericht 17.08.2015 IV 2013/226"}], "Meta": [{"Sprachen": ["de"], "Text": "St.Gallen Versicherungsgericht "}, {"Sprachen": ["fr"], "Text": "Saint-Gall Versicherungsgericht "}, {"Sprachen": ["it"], "Text": "San Gallo Versicherungsgericht "}, {"Sprachen": ["de", "fr", "it"], "Text": "IV - Invalidenversicherung"}], "Abstract": [{"Sprachen": ["de", "fr", "it"], "Text": "Art. 28 und 28a IVG. Art. 88a IVV. Arbeitsunf\u00e4higkeit aufgrund einer depressiven St\u00f6rung bejaht, da es sich bei dieser trotz des Vorliegens von psychosozialen Belastungsfaktoren um ein eigenst\u00e4ndiges psychisches Leiden handelt und davon auszugehen ist, dass die Sachverst\u00e4ndigen die psychosozialen Belastungsfaktoren bei ihrer Arbeitsf\u00e4higkeitssch\u00e4tzung ausgeklammert haben. Gutheissung der Beschwerde und Zusprache einer zeitlich abgestuften Rente (Entscheid des Versicherungsgerichts des Kantons St. Gallen vom 17. August 2015, IV 2013/226)."}], "ScrapyJob": "446973/61/1836", "Zeit UTC": "19.07.2025 06:51:48", "Checksum": "66a9aa1e916f5c8899c4989b8b6b292e"}