{"Signatur": "SG_VSG_001", "Spider": "SG_Gerichte", "Datum": "2015-09-14", "PDF": {"Datei": "SG_Gerichte/SG_VSG_001_IV-2013-242_2015-09-14.pdf", "URL": "https://publikationen.sg.ch/rechtsprechung-gerichte?tx_diamjudicalsg_judicalpublicationpdf%5Bcontroller%5D=DownloadPdf&tx_diamjudicalsg_judicalpublicationpdf%5Bpublication%5D=8017&type=1563347022&cHash=41835b9407ede3698790fa46c35969c6", "Checksum": "077f21c0d80db8f258332eedf67386d8"}, "Scrapedate": "2025-07-19", "Num": ["IV 2013/242"], "Kopfzeile": [{"Sprachen": ["de"], "Text": "St.Gallen Versicherungsgericht 14.09.2015 IV 2013/242"}, {"Sprachen": ["fr"], "Text": "Saint-Gall Versicherungsgericht 14.09.2015 IV 2013/242"}, {"Sprachen": ["it"], "Text": "San Gallo Versicherungsgericht 14.09.2015 IV 2013/242"}], "Meta": [{"Sprachen": ["de"], "Text": "St.Gallen Versicherungsgericht "}, {"Sprachen": ["fr"], "Text": "Saint-Gall Versicherungsgericht "}, {"Sprachen": ["it"], "Text": "San Gallo Versicherungsgericht "}, {"Sprachen": ["de", "fr", "it"], "Text": "IV - Invalidenversicherung"}], "Abstract": [{"Sprachen": ["de", "fr", "it"], "Text": "Art. 15 ff. IVG. Anspruch auf berufliche Eingliederungsmassnahmen verneint, da der Versicherte in einer adaptierten Hilfsarbeitert\u00e4tigkeit mit \u00fcberwiegender Wahrscheinlichkeit zu 100 % arbeitsf\u00e4hig ist, keine Erwerbseinbusse von etwa 20 % erleidet und sich selber vollst\u00e4ndig arbeitsunf\u00e4hig f\u00fchlt. Art. 28 IVG, Art. 29ter IVV. Verneinung eines (befristeten) Rentenanspruchs, da das Wartejahr unterbrochen worden ist. (Entscheid des Versicherungsgerichts des Kantons St. Gallen vom14. September 2015, IV 2013/242).\r\nBest\u00e4tigt durch Urteil des Bundesgerichts 9C_783/2015."}], "ScrapyJob": "446973/61/1836", "Zeit UTC": "19.07.2025 06:48:07", "Checksum": "6d3a88f796e93bb5e43948da5b6ffe53"}