{"Signatur": "SG_VSG_001", "Spider": "SG_Gerichte", "Datum": "2015-12-14", "PDF": {"Datei": "SG_Gerichte/SG_VSG_001_IV-2013-290_2015-12-14.pdf", "URL": "https://publikationen.sg.ch/rechtsprechung-gerichte?tx_diamjudicalsg_judicalpublicationpdf%5Bcontroller%5D=DownloadPdf&tx_diamjudicalsg_judicalpublicationpdf%5Bpublication%5D=8067&type=1563347022&cHash=681686be99880574028302b6dee39ed3", "Checksum": "a3772711fa4540b90a5eb5e5a9cd1828"}, "Scrapedate": "2025-07-19", "Num": ["IV 2013/290"], "Kopfzeile": [{"Sprachen": ["de"], "Text": "St.Gallen Versicherungsgericht 14.12.2015 IV 2013/290"}, {"Sprachen": ["fr"], "Text": "Saint-Gall Versicherungsgericht 14.12.2015 IV 2013/290"}, {"Sprachen": ["it"], "Text": "San Gallo Versicherungsgericht 14.12.2015 IV 2013/290"}], "Meta": [{"Sprachen": ["de"], "Text": "St.Gallen Versicherungsgericht "}, {"Sprachen": ["fr"], "Text": "Saint-Gall Versicherungsgericht "}, {"Sprachen": ["it"], "Text": "San Gallo Versicherungsgericht "}, {"Sprachen": ["de", "fr", "it"], "Text": "IV - Invalidenversicherung"}], "Abstract": [{"Sprachen": ["de", "fr", "it"], "Text": "Art. 28 Abs. 1 ATSG: Vor der Rentenpr\u00fcfung ist der grunds\u00e4tzlich der Anspruch auf Eingliederungsmassnahmen zu pr\u00fcfen (Entscheid des Versicherungsgerichts des Kantons St. Gallen vom 14. Dezember 2015, IV 2013/290)."}], "ScrapyJob": "446973/61/1836", "Zeit UTC": "19.07.2025 06:35:23", "Checksum": "217d346e733962da7f450f6ec2df39b9"}