{"Signatur": "SG_VSG_001", "Spider": "SG_Gerichte", "Datum": "2015-08-24", "PDF": {"Datei": "SG_Gerichte/SG_VSG_001_IV-2013-347--IV-2013_2015-08-24.pdf", "URL": "https://publikationen.sg.ch/rechtsprechung-gerichte?tx_diamjudicalsg_judicalpublicationpdf%5Bcontroller%5D=DownloadPdf&tx_diamjudicalsg_judicalpublicationpdf%5Bpublication%5D=8025&type=1563347022&cHash=5be67e3768b17569650d2cbb06b85b60", "Checksum": "146061ac97e777297f27393ba0723927"}, "Scrapedate": "2025-07-19", "Num": ["IV 2013/347, IV 2013/362"], "Kopfzeile": [{"Sprachen": ["de"], "Text": "St.Gallen Versicherungsgericht 24.08.2015 IV 2013/347, IV 2013/362"}, {"Sprachen": ["fr"], "Text": "Saint-Gall Versicherungsgericht 24.08.2015 IV 2013/347, IV 2013/362"}, {"Sprachen": ["it"], "Text": "San Gallo Versicherungsgericht 24.08.2015 IV 2013/347, IV 2013/362"}], "Meta": [{"Sprachen": ["de"], "Text": "St.Gallen Versicherungsgericht "}, {"Sprachen": ["fr"], "Text": "Saint-Gall Versicherungsgericht "}, {"Sprachen": ["it"], "Text": "San Gallo Versicherungsgericht "}, {"Sprachen": ["de", "fr", "it"], "Text": "IV - Invalidenversicherung"}], "Abstract": [{"Sprachen": ["de", "fr", "it"], "Text": "Art. 28 IVG, Art. 26 IVV. Qualifikation als fr\u00fchinvalide Person.\r\nDie an einer Intelligenzminderung (IQ 63) leidende Beschwerdef\u00fchrerin, die keinen Beruf erlernt hat, ist gem\u00e4ss Art. 26 Abs. 1 IVV als fr\u00fchinvalid zu qualifizieren, auch wenn sie \u00fcber Jahre hinweg eine (ausgesprochen tief qualifizierte und entsprechend entsch\u00e4digte) Hilfsarbeit ausge\u00fcbt hat. (Entscheid des Versicherungsgerichts des Kantons St. Gallen vom 24. August 2015, IV 2013/347 und IV 2013/362.)"}], "ScrapyJob": "446973/61/1836", "Zeit UTC": "19.07.2025 06:50:59", "Checksum": "a30e6e9a439ab00604945495b3f90409"}