{"Signatur": "SG_VSG_001", "Spider": "SG_Gerichte", "Datum": "2015-11-03", "PDF": {"Datei": "SG_Gerichte/SG_VSG_001_IV-2013-512--IV-2014-272_2015-11-03.pdf", "URL": "https://publikationen.sg.ch/rechtsprechung-gerichte/?type=1563347022&tx_diamjudicalsg_judicalpublicationpdf%5Bpublication%5D=8112&tx_diamjudicalsg_judicalpublicationpdf%5Bcontroller%5D=DownloadPdf&cHash=4f003586573357ac38eae28ff1c2a383", "Checksum": "f871b196bd94eb52ffc6975a3cd4c0f2"}, "Num": ["IV 2013/512, IV 2014/272"], "Kopfzeile": [{"Sprachen": ["de"], "Text": "St.Gallen Verwaltungsgericht 03.11.2015 IV 2013/512, IV 2014/272"}, {"Sprachen": ["fr"], "Text": "Saint-Gall Verwaltungsgericht 03.11.2015 IV 2013/512, IV 2014/272"}, {"Sprachen": ["it"], "Text": "San Gallo Verwaltungsgericht 03.11.2015 IV 2013/512, IV 2014/272"}], "Meta": [{"Sprachen": ["de"], "Text": "St.Gallen Versicherungsgericht "}, {"Sprachen": ["fr"], "Text": "Saint-Gall Versicherungsgericht "}, {"Sprachen": ["it"], "Text": "San Gallo Versicherungsgericht "}, {"Sprachen": ["de", "fr", "it"], "Text": "IV - Invalidenversicherung"}], "Abstract": [{"Sprachen": ["de", "fr", "it"], "Text": "Art. 15 ff. und 28 IVG. Anspruch auf berufliche Massnahmen und Rente. W\u00fcrdigung gutachterliche Arbeitsf\u00e4higkeitssch\u00e4tzung. Fehlende Eingliederungsbereitschaft (Entscheid des Versicherungsgerichts des Kantons St. Gallen vom 3. November 2015, IV 2013/512 und IV 2014/272)."}], "ScrapyJob": "446973/61/51", "Zeit UTC": "19.02.2021 04:09:54", "Checksum": "64091fb525366968d65166eb6d9bc8ce"}