{"Signatur": "SG_VSG_001", "Spider": "SG_Gerichte", "Datum": "2015-07-31", "PDF": {"Datei": "SG_Gerichte/SG_VSG_001_IV-2014-484_2015-07-31.pdf", "URL": "https://publikationen.sg.ch/rechtsprechung-gerichte?tx_diamjudicalsg_judicalpublicationpdf%5Bcontroller%5D=DownloadPdf&tx_diamjudicalsg_judicalpublicationpdf%5Bpublication%5D=8038&type=1563347022&cHash=eb9cf9fc38c48ae5438221c887e09783", "Checksum": "585a03a7142d0060b52a72602c2d8dda"}, "Scrapedate": "2025-07-19", "Num": ["IV 2014/484"], "Kopfzeile": [{"Sprachen": ["de"], "Text": "St.Gallen Versicherungsgericht 31.07.2015 IV 2014/484"}, {"Sprachen": ["fr"], "Text": "Saint-Gall Versicherungsgericht 31.07.2015 IV 2014/484"}, {"Sprachen": ["it"], "Text": "San Gallo Versicherungsgericht 31.07.2015 IV 2014/484"}], "Meta": [{"Sprachen": ["de"], "Text": "St.Gallen Versicherungsgericht "}, {"Sprachen": ["fr"], "Text": "Saint-Gall Versicherungsgericht "}, {"Sprachen": ["it"], "Text": "San Gallo Versicherungsgericht "}, {"Sprachen": ["de", "fr", "it"], "Text": "IV - Invalidenversicherung"}], "Abstract": [{"Sprachen": ["de", "fr", "it"], "Text": "Art. 28 IVG. Rentenbeginn. Wartejahr. Festlegung des Beginns der relevanten psychiatrisch bedingten Arbeitsunf\u00e4higkeit anhand s\u00e4mtlicher medizinischer Berichte. Erf\u00fcllung des Wartejahres aufgrund vorg\u00e4ngiger somatisch bedingter Beeintr\u00e4chtigungen der Arbeitsf\u00e4higkeit (Entscheid des Versicherungsgerichts des Kantons St. Gallen vom 31. Juli 2015, IV 2014/484).\r\nBest\u00e4tigt durch Urteil des Bundesgerichts 9C_659/2015."}], "ScrapyJob": "446973/61/1836", "Zeit UTC": "19.07.2025 06:52:57", "Checksum": "20836091cbfa8a27c4fd797aa244b707"}