{"Signatur": "SG_VSG_001", "Spider": "SG_Gerichte", "Datum": "2017-10-25", "PDF": {"Datei": "SG_Gerichte/SG_VSG_001_IV-2015-267_2017-10-25.pdf", "URL": "https://publikationen.sg.ch/rechtsprechung-gerichte?tx_diamjudicalsg_judicalpublicationpdf%5Bcontroller%5D=DownloadPdf&tx_diamjudicalsg_judicalpublicationpdf%5Bpublication%5D=7538&type=1563347022&cHash=bf12671bdaa8331643f6d27ac51e6627", "Checksum": "704c34323df3dd287896eee2f313deae"}, "Scrapedate": "2025-07-19", "Num": ["IV 2015/267"], "Kopfzeile": [{"Sprachen": ["de"], "Text": "St.Gallen Versicherungsgericht 25.10.2017 IV 2015/267"}, {"Sprachen": ["fr"], "Text": "Saint-Gall Versicherungsgericht 25.10.2017 IV 2015/267"}, {"Sprachen": ["it"], "Text": "San Gallo Versicherungsgericht 25.10.2017 IV 2015/267"}], "Meta": [{"Sprachen": ["de"], "Text": "St.Gallen Versicherungsgericht "}, {"Sprachen": ["fr"], "Text": "Saint-Gall Versicherungsgericht "}, {"Sprachen": ["it"], "Text": "San Gallo Versicherungsgericht "}, {"Sprachen": ["de", "fr", "it"], "Text": "IV - Invalidenversicherung"}], "Abstract": [{"Sprachen": ["de", "fr", "it"], "Text": "Die Karriere als Fotofachfrau entspricht vorliegend der Invalidenkarriere und nicht etwa der Validenkarriere, da die Beschwerdef\u00fchrerin ihr Erwerbspotential, welches sie als Gesunde gehabt h\u00e4tte, trotz ihrer Ausbildung zur Fotofachfrau EFZ nicht voll aussch\u00f6pfen kann. Zudem ist nicht anzunehmen, die Beschwerdef\u00fchrerin h\u00e4tte auch ohne psychische Behinderung eine Ausbildung zur Fotofachfrau EFZ absolviert. Folglich ist im Rahmen der Rentenrevision festzustellen, dass weiterhin ein Anwendungsfall von Art. 26 Abs. 1 IVV vorliegt (Entscheid des Versicherungsgerichts des Kantons St. Gallen vom 25. Oktober 2017, IV 2015/267)."}], "ScrapyJob": "446973/61/1836", "Zeit UTC": "19.07.2025 04:52:22", "Checksum": "9ff04d19279d0d629aeb25bcd5e2d33c"}