{"Signatur": "SG_VSG_001", "Spider": "SG_Gerichte", "Datum": "2018-02-08", "PDF": {"Datei": "SG_Gerichte/SG_VSG_001_IV-2015-293_2018-02-08.pdf", "URL": "https://publikationen.sg.ch/rechtsprechung-gerichte?tx_diamjudicalsg_judicalpublicationpdf%5Bcontroller%5D=DownloadPdf&tx_diamjudicalsg_judicalpublicationpdf%5Bpublication%5D=5188&type=1563347022&cHash=9b6c7204e4d2e209883938847ad2a2c0", "Checksum": "423b509185b8ac3249794a08039c5341"}, "Scrapedate": "2025-07-19", "Num": ["IV 2015/293"], "Kopfzeile": [{"Sprachen": ["de"], "Text": "St.Gallen Versicherungsgericht 08.02.2018 IV 2015/293"}, {"Sprachen": ["fr"], "Text": "Saint-Gall Versicherungsgericht 08.02.2018 IV 2015/293"}, {"Sprachen": ["it"], "Text": "San Gallo Versicherungsgericht 08.02.2018 IV 2015/293"}], "Meta": [{"Sprachen": ["de"], "Text": "St.Gallen Versicherungsgericht "}, {"Sprachen": ["fr"], "Text": "Saint-Gall Versicherungsgericht "}, {"Sprachen": ["it"], "Text": "San Gallo Versicherungsgericht "}, {"Sprachen": ["de", "fr", "it"], "Text": "IV - Invalidenversicherung"}], "Abstract": [{"Sprachen": ["de", "fr", "it"], "Text": "Art. 28 IVG. Invalidenrente. Die somatische Einschr\u00e4nkung der Arbeitsf\u00e4higkeit in einer adaptierten T\u00e4tigkeit ist nicht umstritten. Nach Aufgabe der Depressionsrechtsprechung durch das Bundesgericht ist jedoch auch die psychiatrische Einschr\u00e4nkung der Arbeitsf\u00e4higkeit zu ber\u00fccksichtigen (E. 2.3). Es ist somit auf die gutachterlich postulierte Gesamtarbeitsf\u00e4higkeit von 50 %, und nicht auf die rein somatisch begr\u00fcndete Arbeitsf\u00e4higkeit von 70 % abzustellen (E. 2.4). Rentenbeginn (E. 2.7) (Entscheid des Versicherungsgerichts des Kantons St. Gallen vom 8. Februar 2018, IV 2015/293)."}], "ScrapyJob": "446973/61/1836", "Zeit UTC": "19.07.2025 04:31:26", "Checksum": "46fbb6ddb6f586073ab88f3369fb7230"}