{"Signatur": "SG_VSG_001", "Spider": "SG_Gerichte", "Datum": "2018-03-02", "PDF": {"Datei": "SG_Gerichte/SG_VSG_001_IV-2017-308_2018-03-02.pdf", "URL": "https://publikationen.sg.ch/rechtsprechung-gerichte?tx_diamjudicalsg_judicalpublicationpdf%5Bcontroller%5D=DownloadPdf&tx_diamjudicalsg_judicalpublicationpdf%5Bpublication%5D=5163&type=1563347022&cHash=73bc68f44a1d6b154c2c361220eb7409", "Checksum": "b59303c0f07a8c30bf4ed700cf4b522f"}, "Scrapedate": "2025-07-19", "Num": ["IV 2017/308"], "Kopfzeile": [{"Sprachen": ["de"], "Text": "St.Gallen Versicherungsgericht 02.03.2018 IV 2017/308"}, {"Sprachen": ["fr"], "Text": "Saint-Gall Versicherungsgericht 02.03.2018 IV 2017/308"}, {"Sprachen": ["it"], "Text": "San Gallo Versicherungsgericht 02.03.2018 IV 2017/308"}], "Meta": [{"Sprachen": ["de"], "Text": "St.Gallen Versicherungsgericht "}, {"Sprachen": ["fr"], "Text": "Saint-Gall Versicherungsgericht "}, {"Sprachen": ["it"], "Text": "San Gallo Versicherungsgericht "}, {"Sprachen": ["de", "fr", "it"], "Text": "IV - Invalidenversicherung"}], "Abstract": [{"Sprachen": ["de", "fr", "it"], "Text": "Art. 12 IVG.\r\nDer Anspruch auf die Verg\u00fctung der Kosten einer Psychotherapie als medizinische Eingliederungsmassnahme setzt eine psychische Gesundheitsbeeintr\u00e4chtigung und die begr\u00fcndete Bef\u00fcrchtung voraus, dass die (sp\u00e4tere) berufliche Eingliederung ohne eine Psychotherapie erheblich gef\u00e4hrdet sein k\u00f6nnte (Entscheid des Versicherungsgerichts des Kantons St. Gallen vom 2. M\u00e4rz 2018, IV 2017/308).\r\n \r\nEntscheid vom 2. M\u00e4rz 2018"}], "ScrapyJob": "446973/61/1836", "Zeit UTC": "19.07.2025 04:25:02", "Checksum": "8be4fd14be48ff51c86969f045892565"}