{"Signatur": "SG_VSG_001", "Spider": "SG_Gerichte", "Datum": "2019-10-31", "PDF": {"Datei": "SG_Gerichte/SG_VSG_001_IV-2018-123-und-IV-2018-153_2019-10-31.pdf", "URL": "https://publikationen.sg.ch/rechtsprechung-gerichte/?type=1563347022&tx_diamjudicalsg_judicalpublicationpdf%5Bpublication%5D=6221&tx_diamjudicalsg_judicalpublicationpdf%5Bcontroller%5D=DownloadPdf&cHash=7a0eec0d125a6e6e41ec14d11412fea5", "Checksum": "0ce941a7cb2da391401d2dca357b96db"}, "Num": ["IV 2018/123 und IV 2018/153"], "Kopfzeile": [{"Sprachen": ["de"], "Text": "St.Gallen Versicherungsgericht 31.10.2019 IV 2018/123 und IV 2018/153"}, {"Sprachen": ["fr"], "Text": "Saint-Gall Versicherungsgericht 31.10.2019 IV 2018/123 und IV 2018/153"}, {"Sprachen": ["it"], "Text": "San Gallo Versicherungsgericht 31.10.2019 IV 2018/123 und IV 2018/153"}], "Meta": [{"Sprachen": ["de"], "Text": "St.Gallen Versicherungsgericht "}, {"Sprachen": ["fr"], "Text": "Saint-Gall Versicherungsgericht "}, {"Sprachen": ["it"], "Text": "San Gallo Versicherungsgericht "}, {"Sprachen": ["de", "fr", "it"], "Text": "IV - Invalidenversicherung"}], "Abstract": [{"Sprachen": ["de", "fr", "it"], "Text": "Art. 28 IVG. Rentenanspruch. Beweiskraft des polydisziplin\u00e4ren Administrativgutachtens bejaht. Kein rentenbegr\u00fcndender Invalidit\u00e4tsgrad.\r\nArt. 15 ff. IVG. Anspruch auf berufliche Massnahmen wegen fehlender Eingliederungsbereitschaft verneint. \r\n(Entscheid des Versicherungsgerichts des Kantons St. Gallen vom 31. Oktober 2019, IV 2018/123 und IV 2018/153)."}], "ScrapyJob": "446973/61/51", "Zeit UTC": "18.02.2021 22:09:27", "Checksum": "2a8664c3a1fc64dc2ce9b1819543a79d"}