{"Signatur": "SG_VSG_001", "Spider": "SG_Gerichte", "Datum": "2019-07-15", "PDF": {"Datei": "SG_Gerichte/SG_VSG_001_IV-2018-179_2019-07-15.pdf", "URL": "https://publikationen.sg.ch/rechtsprechung-gerichte?tx_diamjudicalsg_judicalpublicationpdf%5Bcontroller%5D=DownloadPdf&tx_diamjudicalsg_judicalpublicationpdf%5Bpublication%5D=5066&type=1563347022&cHash=a4bc595e72c06420683610a083d2ad53", "Checksum": "6d573e87f88c56d19c5f1fc19dca47e7"}, "Scrapedate": "2025-07-19", "Num": ["IV 2018/179"], "Kopfzeile": [{"Sprachen": ["de"], "Text": "St.Gallen Versicherungsgericht 15.07.2019 IV 2018/179"}, {"Sprachen": ["fr"], "Text": "Saint-Gall Versicherungsgericht 15.07.2019 IV 2018/179"}, {"Sprachen": ["it"], "Text": "San Gallo Versicherungsgericht 15.07.2019 IV 2018/179"}], "Meta": [{"Sprachen": ["de"], "Text": "St.Gallen Versicherungsgericht "}, {"Sprachen": ["fr"], "Text": "Saint-Gall Versicherungsgericht "}, {"Sprachen": ["it"], "Text": "San Gallo Versicherungsgericht "}, {"Sprachen": ["de", "fr", "it"], "Text": "IV - Invalidenversicherung"}], "Abstract": [{"Sprachen": ["de", "fr", "it"], "Text": "Art. 23 Abs. 1 IVG, Art. 21 Abs. 3 IVV. Taggeld.\r\nDer Beschwerdef\u00fchrer ist zuletzt im Jahr 2011 in seiner angestammten T\u00e4tigkeit als F\u00fchrungskraft ohne gesundheitliche Einschr\u00e4nkungen t\u00e4tig gewesen. Seitdem ausge\u00fcbte, jedoch weit weniger anspruchsvolle T\u00e4tigkeiten verm\u00f6gen daran nichts zu \u00e4ndern (Entscheid des Versicherungsgerichts des Kantons St. Gallen vom 15. Juli 2019, IV 2018/179)."}], "ScrapyJob": "446973/61/1836", "Zeit UTC": "19.07.2025 02:51:21", "Checksum": "67f129e5e950da431a3f450a4615e43d"}