{"Signatur": "SG_VSG_001", "Spider": "SG_Gerichte", "Datum": "2019-05-10", "PDF": {"Datei": "SG_Gerichte/SG_VSG_001_IV-2018-297_2019-05-10.pdf", "URL": "https://publikationen.sg.ch/rechtsprechung-gerichte?tx_diamjudicalsg_judicalpublicationpdf%5Bcontroller%5D=DownloadPdf&tx_diamjudicalsg_judicalpublicationpdf%5Bpublication%5D=7611&type=1563347022&cHash=69bd595c8509da856bd984c9135c2819", "Checksum": "d8a058834183a82388869d8b0e6254c3"}, "Scrapedate": "2025-07-19", "Num": ["IV 2018/297"], "Kopfzeile": [{"Sprachen": ["de"], "Text": "St.Gallen Versicherungsgericht 10.05.2019 IV 2018/297"}, {"Sprachen": ["fr"], "Text": "Saint-Gall Versicherungsgericht 10.05.2019 IV 2018/297"}, {"Sprachen": ["it"], "Text": "San Gallo Versicherungsgericht 10.05.2019 IV 2018/297"}], "Meta": [{"Sprachen": ["de"], "Text": "St.Gallen Versicherungsgericht "}, {"Sprachen": ["fr"], "Text": "Saint-Gall Versicherungsgericht "}, {"Sprachen": ["it"], "Text": "San Gallo Versicherungsgericht "}, {"Sprachen": ["de", "fr", "it"], "Text": "IV - Invalidenversicherung"}], "Abstract": [{"Sprachen": ["de", "fr", "it"], "Text": "Art. 61 lit. c ATSG, Art. 8 Abs. 1 IVG. Die Beschwerdef\u00fchrerin ist in der zuletzt ausge\u00fcbten T\u00e4tigkeit nicht mehr arbeitsf\u00e4hig. In einer angepassten T\u00e4tigkeit besteht eine Arbeitsf\u00e4higkeit von mindestens 55%, wobei diverse Adaptionskriterien zu ber\u00fccksichtigen sind. Zwar gibt es Hinweise darauf, dass sie ihre Arbeitsf\u00e4higkeit zu tief einsch\u00e4tzt, eine fehlende subjektive Eingliederungsf\u00e4higkeit ist aber nicht erstellt. R\u00fcckweisung zur Durchf\u00fchrung beruflicher Massnahmen (Entscheid des Versicherungsgerichts des Kantons St. Gallen vom 10. Mai 2019, IV 2018/297)."}], "ScrapyJob": "446973/61/1836", "Zeit UTC": "19.07.2025 03:02:18", "Checksum": "107e2628ac0cbad70da283d73b7f788b"}