{"Signatur": "SG_VSG_001", "Spider": "SG_Gerichte", "Datum": "2020-08-25", "PDF": {"Datei": "SG_Gerichte/SG_VSG_001_IV-2019-134_2020-08-25.pdf", "URL": "https://publikationen.sg.ch/rechtsprechung-gerichte?tx_diamjudicalsg_judicalpublicationpdf%5Bcontroller%5D=DownloadPdf&tx_diamjudicalsg_judicalpublicationpdf%5Bpublication%5D=10472&type=1563347022&cHash=e641ad1fcb00a24e4dffff22d4fa0052", "Checksum": "bb42bfbc391c2203fd29c48c9f8cc4d8"}, "Scrapedate": "2025-07-19", "Num": ["IV 2019/134"], "Kopfzeile": [{"Sprachen": ["de"], "Text": "St.Gallen Versicherungsgericht 25.08.2020 IV 2019/134"}, {"Sprachen": ["fr"], "Text": "Saint-Gall Versicherungsgericht 25.08.2020 IV 2019/134"}, {"Sprachen": ["it"], "Text": "San Gallo Versicherungsgericht 25.08.2020 IV 2019/134"}], "Meta": [{"Sprachen": ["de"], "Text": "St.Gallen Versicherungsgericht "}, {"Sprachen": ["fr"], "Text": "Saint-Gall Versicherungsgericht "}, {"Sprachen": ["it"], "Text": "San Gallo Versicherungsgericht "}, {"Sprachen": ["de", "fr", "it"], "Text": "IV - Invalidenversicherung"}], "Abstract": [{"Sprachen": ["de", "fr", "it"], "Text": "Art. 23 IVG. Taggeldanspruch. Die Frage, ob die Reduktion des Besch\u00e4ftigungsgrades am aktuellen Arbeitsplatz krankheitsbedingt unumg\u00e4nglich war oder freiwillig erfolgte, ist nicht \u00fcberzeugend beantwortet. Damit steht nicht fest, welches Einkommen der Bemessung des Taggeldes zugrunde zu legen ist. R\u00fcckweisung zur weiteren Abkl\u00e4rung (Entscheid des Versicherungsgerichts des Kantons St. Gallen vom 25. August 2020, IV 2019/134)."}], "ScrapyJob": "446973/61/1836", "Zeit UTC": "19.07.2025 01:35:07", "Checksum": "e0d8fb3d383fa0ac15b5bdd58a6f6cbb"}