{"Signatur": "SG_VSG_001", "Spider": "SG_Gerichte", "Datum": "2020-06-03", "PDF": {"Datei": "SG_Gerichte/SG_VSG_001_IV-2019-250_2020-06-03.pdf", "URL": "https://publikationen.sg.ch/rechtsprechung-gerichte?tx_diamjudicalsg_judicalpublicationpdf%5Bcontroller%5D=DownloadPdf&tx_diamjudicalsg_judicalpublicationpdf%5Bpublication%5D=9779&type=1563347022&cHash=5c6273b7f7e76adf2765338abce4c644", "Checksum": "cecb3bee63ae90111197debf4b225b1c"}, "Scrapedate": "2025-07-19", "Num": ["IV 2019/250"], "Kopfzeile": [{"Sprachen": ["de"], "Text": "St.Gallen Versicherungsgericht 03.06.2020 IV 2019/250"}, {"Sprachen": ["fr"], "Text": "Saint-Gall Versicherungsgericht 03.06.2020 IV 2019/250"}, {"Sprachen": ["it"], "Text": "San Gallo Versicherungsgericht 03.06.2020 IV 2019/250"}], "Meta": [{"Sprachen": ["de"], "Text": "St.Gallen Versicherungsgericht "}, {"Sprachen": ["fr"], "Text": "Saint-Gall Versicherungsgericht "}, {"Sprachen": ["it"], "Text": "San Gallo Versicherungsgericht "}, {"Sprachen": ["de", "fr", "it"], "Text": "IV - Invalidenversicherung"}], "Abstract": [{"Sprachen": ["de", "fr", "it"], "Text": "Art. 17 und Art. 28 IVG. \r\nMangels eines rentenbegr\u00fcndenden Invalidit\u00e4tsgrads besteht kein Anspruch auf eine Rente. Da die Erwerbseinbusse zum Verf\u00fcgungszeitpunkt kleiner als 20% war, besteht kein Anspruch auf Eingliederungsmassnahmen bzw. auf berufliche Massnahmen (Entscheid des Versicherungsgerichts des Kantons St. Gallen vom 3. Juni 2020, IV 2019/250)."}], "ScrapyJob": "446973/61/1836", "Zeit UTC": "19.07.2025 01:51:16", "Checksum": "845d69718426a2a70f82ce7fd7235d4f"}