{"Signatur": "SG_VSG_001", "Spider": "SG_Gerichte", "Datum": "2020-04-16", "PDF": {"Datei": "SG_Gerichte/SG_VSG_001_IV-2019-256_2020-04-16.pdf", "URL": "https://publikationen.sg.ch/rechtsprechung-gerichte?tx_diamjudicalsg_judicalpublicationpdf%5Bcontroller%5D=DownloadPdf&tx_diamjudicalsg_judicalpublicationpdf%5Bpublication%5D=9590&type=1563347022&cHash=16d7034d38988273a8dadc520a886d1f", "Checksum": "18fca6303d127712e0b1c88ec0712b73"}, "Scrapedate": "2025-07-19", "Num": ["IV 2019/256"], "Kopfzeile": [{"Sprachen": ["de"], "Text": "St.Gallen Versicherungsgericht 16.04.2020 IV 2019/256"}, {"Sprachen": ["fr"], "Text": "Saint-Gall Versicherungsgericht 16.04.2020 IV 2019/256"}, {"Sprachen": ["it"], "Text": "San Gallo Versicherungsgericht 16.04.2020 IV 2019/256"}], "Meta": [{"Sprachen": ["de"], "Text": "St.Gallen Versicherungsgericht "}, {"Sprachen": ["fr"], "Text": "Saint-Gall Versicherungsgericht "}, {"Sprachen": ["it"], "Text": "San Gallo Versicherungsgericht "}, {"Sprachen": ["de", "fr", "it"], "Text": "IV - Invalidenversicherung"}], "Abstract": [{"Sprachen": ["de", "fr", "it"], "Text": "Art. 42ter Abs. 3 IVG. Intensivpflegezuschlag. Im vorliegenden Fall eines an einem Asperger-Syndrom leidenden Kindes ist der Beizug eine Fachperson f\u00fcr Autismushilfe bei der Abkl\u00e4rung des zeitlichen Betreuungsaufwandes unerl\u00e4sslich (Entscheid des Versicherungsgerichts des Kantons St. Gallen vom 16. April 2020, IV 2019/256)."}], "ScrapyJob": "446973/61/1836", "Zeit UTC": "19.07.2025 02:01:19", "Checksum": "e94ea71995ce798342e87f3db78ffa49"}